{"id":7930,"date":"2017-01-12T14:27:10","date_gmt":"2017-01-12T17:27:10","guid":{"rendered":"http:\/\/www.atecordoba.org\/?p=7930"},"modified":"2017-01-12T14:27:10","modified_gmt":"2017-01-12T17:27:10","slug":"nacio-el-espacio-nacional-no-a-la-baja","status":"publish","type":"post","link":"https:\/\/atecordoba.org\/?p=7930","title":{"rendered":"Naci\u00f3 el espacio nacional &#8220;No a la Baja&#8221;"},"content":{"rendered":"<p><em>Organizaciones de ni\u00f1ez, referentes sociales, gremiales y de derechos humanos se reunieron en ATE para reclamar por los derechos de la juventud.<\/em><\/p>\n<p><img loading=\"lazy\" decoding=\"async\" class=\"aligncenter size-full wp-image-7931\" src=\"http:\/\/www.atecordoba.org\/wp-content\/uploads\/2017\/01\/No-a-la-baja-1-e1484241827353.jpg\" alt=\"no-a-la-baja-1\" width=\"550\" height=\"367\"><\/p>\n<p>En un Auditorio Eva Per\u00f3n de la Asociaci\u00f3n Trabajadores del Estado (ATE-Nacional) repleto de militantes de m\u00e1s de 60 organizaciones sociales que trabajan por la ni\u00f1ez en todo el pa\u00eds, se conform\u00f3 el espacio &#8220;No a la Baja&#8221; para exigir no s\u00f3lo que no se baje la edad de punibilidad de ni\u00f1os y ni\u00f1as sino que el Estado garantice las pol\u00edticas p\u00fablicas para que nuestros hijos e hijas vivan una vida digna. La fecha del pr\u00f3ximo encuentro se fij\u00f3 para el 1 de febrero.<\/p>\n<p>No se garantizan los derechos m\u00e1s b\u00e1sicos, pero se pretende encarcelar a los ni\u00f1os y a las ni\u00f1as vulnerad@s y vulnerables desde los&nbsp; 14 a\u00f1os. Contra el intento de bajar la edad de imputabilidad se reunieron cientos de militantes de organizaciones que trabajan a diario para que nuestros hijos tengan una vida digna.<\/p>\n<p>Luego hablaron integrantes de decenas de agrupaciones y asociaciones que trabajan con la ni\u00f1ez cotidianamente. Entre los datos que se fueron dando, se cont\u00f3 que, contrariamente a lo que quieren instalar los medios masivos de comunicaci\u00f3n, de 145 homicidios ocurridos en la Ciudad de Buenos Aires, s\u00f3lo uno fue cometido por un menor. Tambi\u00e9n se habl\u00f3 del contexto actual: del desalojo a los manteros en el barrio porte\u00f1o de Once, del desalojo del Ex Padelai, de la feroz represi\u00f3n en Chubut.<\/p>\n<p><img loading=\"lazy\" decoding=\"async\" class=\"aligncenter size-full wp-image-7932\" src=\"http:\/\/www.atecordoba.org\/wp-content\/uploads\/2017\/01\/No-a-la-baja-2-e1484241839632.jpg\" alt=\"no-a-la-baja-2\" width=\"550\" height=\"367\"><\/p>\n<p>Dentro de los y las presentes estuvieron Ricardo Peidro, secretario Adjunto de la CTA Aut\u00f3noma, Cynthia Pock, secretaria de Formaci\u00f3n de la CTA Nacional, Miriam Liempe, secretaria de Relaciones con los Pueblos Originarios de la CTA-A bonaerense. Tambi\u00e9n hubo integrantes de Madres Contra el Paco.<\/p>\n<p>Silvia Le\u00f3n, secretaria&nbsp; de Organizaci\u00f3n de ATE Nacional detall\u00f3: \u201cEste gobierno desde el principio utiliza campa\u00f1as de temas muy sensibles, empez\u00f3 diciendo que los empleados estatales somos \u00f1oquis, sigui\u00f3 con lo de los jubilados y ahora va por los ni\u00f1os y ni\u00f1as\u201d.<\/p>\n<p>La reuni\u00f3n termin\u00f3 con el compromiso de que el espacio NO A LA BAJA tenga sus representaciones en todo el pa\u00eds.<\/p>\n<p>En palabras del referente de Ruca Hueney y del Espacio Ni\u00f1ez y Territorio, Omar Giuliani: \u201cExiste otra historia, es posible construir otras pol\u00edticas p\u00fablicas, otra pedagog\u00eda de la ternura y del abrazo\u201d.<\/p>\n<p>La \u00faltima en tomar la palabra fue Norita Corti\u00f1as, Madre de Plaza de Mayo-L\u00ednea Fundadora: \u201cLa verdad que estoy emocionada. Muchos de los que estamos ac\u00e1 estuvimos en la Casa de la Provincia de Chubut repudiando el horror de la represi\u00f3n a los mapuches. Las Madres hace 40 a\u00f1os que estamos en la calle. Sent\u00ed emoci\u00f3n porque digo no est\u00e1n muertos nuestros hijos, no est\u00e1n desaparecidos, est\u00e1n ac\u00e1, con todos ustedes. Tenemos que seguir con los brazos en alto, sin negociar nada, todos los d\u00edas\u201d.<\/p>\n<p><img loading=\"lazy\" decoding=\"async\" class=\"aligncenter size-full wp-image-7933\" src=\"http:\/\/www.atecordoba.org\/wp-content\/uploads\/2017\/01\/No-a-la-baja-3-e1484241849858.jpg\" alt=\"no-a-la-baja-3\" width=\"550\" height=\"367\"><\/p>\n<p>El auditorio tembl\u00f3 con los aplausos y todos y todas con el pu\u00f1o en alto dijeron: \u201c30 mil detenidos desaparecidos presentes, ahora y siempre\u201d.<\/p>\n","protected":false},"excerpt":{"rendered":"<p>Organizaciones de ni\u00f1ez, referentes sociales, gremiales y de derechos humanos se reunieron en ATE para reclamar por los derechos de la juventud. En un Auditorio Eva Per\u00f3n de la Asociaci\u00f3n Trabajadores del Estado (ATE-Nacional) repleto de militantes de m\u00e1s de 60 organizaciones sociales que trabajan por la ni\u00f1ez en todo el pa\u00eds, se conform\u00f3 el [&hellip;]<\/p>\n","protected":false},"author":1,"featured_media":19220,"comment_status":"open","ping_status":"open","sticky":false,"template":"","format":"standard","meta":{"_exactmetrics_skip_tracking":false,"_exactmetrics_sitenote_active":false,"_exactmetrics_sitenote_note":"","_exactmetrics_sitenote_category":0,"jnews-multi-image_gallery":[],"jnews_single_post":[],"jnews_primary_category":[],"jnews_social_meta":[],"jnews_review":[],"enable_review":"","type":"","name":"","summary":"","brand":"","sku":"","good":[],"bad":[],"score_override":"","override_value":"","rating":[],"price":[],"jnews_override_counter":[],"jnews_post_split":[],"footnotes":""},"categories":[10,18],"tags":[],"class_list":["post-7930","post","type-post","status-publish","format-standard","has-post-thumbnail","hentry","category-accion-politica","category-nacionales"],"jetpack_featured_media_url":"https:\/\/atecordoba.org\/wp-content\/uploads\/2020\/05\/logo-nuevochico-e1561581322808.png","_links":{"self":[{"href":"https:\/\/atecordoba.org\/index.php?rest_route=\/wp\/v2\/posts\/7930","targetHints":{"allow":["GET"]}}],"collection":[{"href":"https:\/\/atecordoba.org\/index.php?rest_route=\/wp\/v2\/posts"}],"about":[{"href":"https:\/\/atecordoba.org\/index.php?rest_route=\/wp\/v2\/types\/post"}],"author":[{"embeddable":true,"href":"https:\/\/atecordoba.org\/index.php?rest_route=\/wp\/v2\/users\/1"}],"replies":[{"embeddable":true,"href":"https:\/\/atecordoba.org\/index.php?rest_route=%2Fwp%2Fv2%2Fcomments&post=7930"}],"version-history":[{"count":0,"href":"https:\/\/atecordoba.org\/index.php?rest_route=\/wp\/v2\/posts\/7930\/revisions"}],"wp:featuredmedia":[{"embeddable":true,"href":"https:\/\/atecordoba.org\/index.php?rest_route=\/wp\/v2\/media\/19220"}],"wp:attachment":[{"href":"https:\/\/atecordoba.org\/index.php?rest_route=%2Fwp%2Fv2%2Fmedia&parent=7930"}],"wp:term":[{"taxonomy":"category","embeddable":true,"href":"https:\/\/atecordoba.org\/index.php?rest_route=%2Fwp%2Fv2%2Fcategories&post=7930"},{"taxonomy":"post_tag","embeddable":true,"href":"https:\/\/atecordoba.org\/index.php?rest_route=%2Fwp%2Fv2%2Ftags&post=7930"}],"curies":[{"name":"wp","href":"https:\/\/api.w.org\/{rel}","templated":true}]}}