{"id":7927,"date":"2017-01-11T15:44:45","date_gmt":"2017-01-11T18:44:45","guid":{"rendered":"http:\/\/www.atecordoba.org\/?p=7927"},"modified":"2017-01-11T15:44:45","modified_gmt":"2017-01-11T18:44:45","slug":"ate-concentrara-manana-en-la-plaza-colon-en-defensa-de-la-capacitacion-docente-publica-y-gratuita","status":"publish","type":"post","link":"https:\/\/atecordoba.org\/?p=7927","title":{"rendered":"ATE concentrar\u00e1 ma\u00f1ana en la Plaza Col\u00f3n en defensa de la capacitaci\u00f3n docente p\u00fablica y gratuita"},"content":{"rendered":"<p><em>La concentraci\u00f3n ser\u00e1 ma\u00f1ana jueves 12 de enero a las 11 hs. en Plaza Col\u00f3n, frente a la Escuela Normal Superior Alejandro Carb\u00f3, con una radio abierta y otras actividades, para manifestar el rechazo a la baja de los post\u00edtulos del Programa Nuestra Escuela (del Instituto Nacional de Formaci\u00f3n Docente), para reclamar por los derechos de los compa\u00f1eros y compa\u00f1eras capacitadores y en defensa de la capacitaci\u00f3n docente p\u00fablica y gratuita a lo largo y ancho del pa\u00eds.<\/em><\/p>\n<p>El 23 de diciembre de 2016, el gobierno nacional, a trav\u00e9s del Ministerio de Educaci\u00f3n y Deportes, public\u00f3 en el Bolet\u00edn Oficial una serie de resoluciones que modifican el r\u00e9gimen acad\u00e9mico de los post\u00edtulos del Programa Nuestra Escuela, que se dictan de manera virtual y alcanzan a m\u00e1s de 130.000 docentes en todo el territorio nacional. Llama poderosamente la atenci\u00f3n que los funcionarios del mismo gobierno que pretende eliminar estos programas de formaci\u00f3n son los que luego se muestran p\u00fablicamente preocupados por la baja calificaci\u00f3n de los alumnos argentinos en ex\u00e1menes internacionales.<\/p>\n<p>Los trabajadores exigimos la anulaci\u00f3n de esas resoluciones que atentan contra la capacitaci\u00f3n docente continua, gratuita y de calidad. Adem\u00e1s, reclamamos la inmediata reincorporaci\u00f3n de los compa\u00f1eros y compa\u00f1eras despedidos, la continuidad de los que est\u00e1n en funciones y que se escuche a los cientos de miles de docentes en formaci\u00f3n. No podemos permitir la desarticulaci\u00f3n y el desmantelamiento de los post\u00edtulos virtuales nacionales. ATE estar\u00e1 ma\u00f1ana para defender, como siempre lo ha hecho, no s\u00f3lo a los trabajadores sino tambi\u00e9n los derechos que garanticen una educaci\u00f3n p\u00fablica, gratuita y de calidad.<\/p>\n","protected":false},"excerpt":{"rendered":"<p>La concentraci\u00f3n ser\u00e1 ma\u00f1ana jueves 12 de enero a las 11 hs. en Plaza Col\u00f3n, frente a la Escuela Normal Superior Alejandro Carb\u00f3, con una radio abierta y otras actividades, para manifestar el rechazo a la baja de los post\u00edtulos del Programa Nuestra Escuela (del Instituto Nacional de Formaci\u00f3n Docente), para reclamar por los derechos [&hellip;]<\/p>\n","protected":false},"author":1,"featured_media":19220,"comment_status":"open","ping_status":"open","sticky":false,"template":"","format":"standard","meta":{"_exactmetrics_skip_tracking":false,"_exactmetrics_sitenote_active":false,"_exactmetrics_sitenote_note":"","_exactmetrics_sitenote_category":0,"jnews-multi-image_gallery":[],"jnews_single_post":[],"jnews_primary_category":[],"jnews_social_meta":[],"jnews_review":[],"enable_review":"","type":"","name":"","summary":"","brand":"","sku":"","good":[],"bad":[],"score_override":"","override_value":"","rating":[],"price":[],"jnews_override_counter":[],"jnews_post_split":[],"footnotes":""},"categories":[18],"tags":[],"class_list":["post-7927","post","type-post","status-publish","format-standard","has-post-thumbnail","hentry","category-nacionales"],"jetpack_featured_media_url":"https:\/\/atecordoba.org\/wp-content\/uploads\/2020\/05\/logo-nuevochico-e1561581322808.png","_links":{"self":[{"href":"https:\/\/atecordoba.org\/index.php?rest_route=\/wp\/v2\/posts\/7927","targetHints":{"allow":["GET"]}}],"collection":[{"href":"https:\/\/atecordoba.org\/index.php?rest_route=\/wp\/v2\/posts"}],"about":[{"href":"https:\/\/atecordoba.org\/index.php?rest_route=\/wp\/v2\/types\/post"}],"author":[{"embeddable":true,"href":"https:\/\/atecordoba.org\/index.php?rest_route=\/wp\/v2\/users\/1"}],"replies":[{"embeddable":true,"href":"https:\/\/atecordoba.org\/index.php?rest_route=%2Fwp%2Fv2%2Fcomments&post=7927"}],"version-history":[{"count":0,"href":"https:\/\/atecordoba.org\/index.php?rest_route=\/wp\/v2\/posts\/7927\/revisions"}],"wp:featuredmedia":[{"embeddable":true,"href":"https:\/\/atecordoba.org\/index.php?rest_route=\/wp\/v2\/media\/19220"}],"wp:attachment":[{"href":"https:\/\/atecordoba.org\/index.php?rest_route=%2Fwp%2Fv2%2Fmedia&parent=7927"}],"wp:term":[{"taxonomy":"category","embeddable":true,"href":"https:\/\/atecordoba.org\/index.php?rest_route=%2Fwp%2Fv2%2Fcategories&post=7927"},{"taxonomy":"post_tag","embeddable":true,"href":"https:\/\/atecordoba.org\/index.php?rest_route=%2Fwp%2Fv2%2Ftags&post=7927"}],"curies":[{"name":"wp","href":"https:\/\/api.w.org\/{rel}","templated":true}]}}