{"id":7920,"date":"2017-01-10T15:01:31","date_gmt":"2017-01-10T18:01:31","guid":{"rendered":"http:\/\/www.atecordoba.org\/?p=7920"},"modified":"2017-01-10T15:01:31","modified_gmt":"2017-01-10T18:01:31","slug":"veeduria-final-del-reencasillamiento-del-personal-civil-de-las-ffaa","status":"publish","type":"post","link":"https:\/\/atecordoba.org\/?p=7920","title":{"rendered":"Veedur\u00eda final del reencasillamiento del personal civil de las FFAA"},"content":{"rendered":"<p><em>El viernes estar\u00e1n&nbsp;las listas de reencasillamiento de trabajadores civiles de las FFAA para su revisi\u00f3n en ATE.<\/em><\/p>\n<p>Este viernes los compa\u00f1eros trabajadores civiles de las FFAA podr\u00e1n consultar las listas de cada una de las reparticiones este viernes 13 de 9 a 19 hs. en la sede gremial de ATE (Entre R\u00edos 450).<\/p>\n<p>En caso de que existan dudas o inconsistencias, los compa\u00f1eros pueden consultar al Secretario de Organizaci\u00f3n de ATE C\u00f3rdoba, V\u00edctor Lecuona, quien estar\u00e1 presente en el gremio. Por favor, traer todo el material respaldatorio.<\/p>\n","protected":false},"excerpt":{"rendered":"<p>El viernes estar\u00e1n&nbsp;las listas de reencasillamiento de trabajadores civiles de las FFAA para su revisi\u00f3n en ATE. Este viernes los compa\u00f1eros trabajadores civiles de las FFAA podr\u00e1n consultar las listas de cada una de las reparticiones este viernes 13 de 9 a 19 hs. en la sede gremial de ATE (Entre R\u00edos 450). En caso [&hellip;]<\/p>\n","protected":false},"author":1,"featured_media":19220,"comment_status":"open","ping_status":"open","sticky":false,"template":"","format":"standard","meta":{"_exactmetrics_skip_tracking":false,"_exactmetrics_sitenote_active":false,"_exactmetrics_sitenote_note":"","_exactmetrics_sitenote_category":0,"jnews-multi-image_gallery":[],"jnews_single_post":[],"jnews_primary_category":[],"jnews_social_meta":[],"jnews_review":[],"enable_review":"","type":"","name":"","summary":"","brand":"","sku":"","good":[],"bad":[],"score_override":"","override_value":"","rating":[],"price":[],"jnews_override_counter":[],"jnews_post_split":[],"footnotes":""},"categories":[9],"tags":[],"class_list":["post-7920","post","type-post","status-publish","format-standard","has-post-thumbnail","hentry","category-trabajadores-civiles-ff-aa"],"jetpack_featured_media_url":"https:\/\/atecordoba.org\/wp-content\/uploads\/2020\/05\/logo-nuevochico-e1561581322808.png","_links":{"self":[{"href":"https:\/\/atecordoba.org\/index.php?rest_route=\/wp\/v2\/posts\/7920","targetHints":{"allow":["GET"]}}],"collection":[{"href":"https:\/\/atecordoba.org\/index.php?rest_route=\/wp\/v2\/posts"}],"about":[{"href":"https:\/\/atecordoba.org\/index.php?rest_route=\/wp\/v2\/types\/post"}],"author":[{"embeddable":true,"href":"https:\/\/atecordoba.org\/index.php?rest_route=\/wp\/v2\/users\/1"}],"replies":[{"embeddable":true,"href":"https:\/\/atecordoba.org\/index.php?rest_route=%2Fwp%2Fv2%2Fcomments&post=7920"}],"version-history":[{"count":0,"href":"https:\/\/atecordoba.org\/index.php?rest_route=\/wp\/v2\/posts\/7920\/revisions"}],"wp:featuredmedia":[{"embeddable":true,"href":"https:\/\/atecordoba.org\/index.php?rest_route=\/wp\/v2\/media\/19220"}],"wp:attachment":[{"href":"https:\/\/atecordoba.org\/index.php?rest_route=%2Fwp%2Fv2%2Fmedia&parent=7920"}],"wp:term":[{"taxonomy":"category","embeddable":true,"href":"https:\/\/atecordoba.org\/index.php?rest_route=%2Fwp%2Fv2%2Fcategories&post=7920"},{"taxonomy":"post_tag","embeddable":true,"href":"https:\/\/atecordoba.org\/index.php?rest_route=%2Fwp%2Fv2%2Ftags&post=7920"}],"curies":[{"name":"wp","href":"https:\/\/api.w.org\/{rel}","templated":true}]}}