{"id":7917,"date":"2017-01-10T13:03:28","date_gmt":"2017-01-10T16:03:28","guid":{"rendered":"http:\/\/www.atecordoba.org\/?p=7917"},"modified":"2017-01-10T13:03:28","modified_gmt":"2017-01-10T16:03:28","slug":"fallecio-nina-somariva-dirigente-de-ate-y-la-cta-autonoma","status":"publish","type":"post","link":"https:\/\/atecordoba.org\/?p=7917","title":{"rendered":"Falleci\u00f3 &#8216;Nina&#8217; Somariva, dirigente de ATE y la CTA Aut\u00f3noma"},"content":{"rendered":"<p><em>La CTA Aut\u00f3noma de Misiones comunica con profundo dolor el fallecimiento de Blanca &#8220;Nina&#8221; Somariva, secretaria General de la CTA Aut\u00f3noma de Ober\u00e1.<\/em><\/p>\n<p><img loading=\"lazy\" decoding=\"async\" class=\"aligncenter size-full wp-image-7918\" src=\"http:\/\/www.atecordoba.org\/wp-content\/uploads\/2017\/01\/ff06dc250f4e1ec199faa5b184cd9c0a_m-e1484064182755.jpg\" alt=\"ff06dc250f4e1ec199faa5b184cd9c0a_m\" width=\"550\" height=\"364\"><\/p>\n<p><span class=\"\">&#8220;Nina&#8221; naci\u00f3 en Colonia San Mart\u00edn Ober\u00e1 y milit\u00f3 durante toda su vida. Sobreviviente de la \u00faltima dictadura c\u00edvico militar, aport\u00f3 su testimonio para juzgar y condenar a varios de los represores que en Misiones sembraron el terror y la muerte.<\/span><\/p>\n<p class=\"texto\"><span class=\"\">Era enfermera y una luchadora por la salud p\u00fablica, comprometida con las causas de los trabajadores y los sectores empobrecidos y explotados de nuestra sociedad, siempre poniendo claridad en los momentos de tropezones.<\/span><\/p>\n<p class=\"texto\"><span class=\"\">Nina es una de las imprescindibles, su partida deja en todas nuestras organizaciones una profunda tristeza, pero no un vac\u00edo. Su ausencia f\u00edsica se llena con su legado de lucha, de entrega, de voluntad para acompa\u00f1ar las disputas que a diario damos los trabajadores. Nunca puso excusas para la pelea, nunca trans\u00f3 y no se qued\u00f3 en el pasado, lo enfrent\u00f3 con valent\u00eda y decisi\u00f3n.<\/span><\/p>\n<p class=\"texto\"><span class=\"\">Nina nos deja adem\u00e1s mandatos claros, cuidar los brotes de organizaci\u00f3n, de resistencia, de unidad que sobreviven en medio de tanta incertidumbre, de tantas luchas que debemos sostener para defender nuestros derechos como ciudadanos, como trabajadores, para no permitir que sigan avasall\u00e1ndonos, explot\u00e1ndonos.<\/span><\/p>\n<p class=\"texto\"><span class=\"\">Cuidar los brotes con alegr\u00eda, con solidaridad, con ternura, con generosidad, valores presentes en la militancia de Nina. Cuidar los brotes para defender derechos y para conquistar los que nos faltan.<\/span><\/p>\n<p class=\"texto\"><span class=\"\">Desde la CTA Aut\u00f3noma despedimos f\u00edsicamente a &#8220;Nina&#8221;, sus compa\u00f1eros de lucha nos comprometemos a sobreponernos a este duro golpe, tal como ella hubiera querido, y seguir la inclaudicable lucha junto a los trabajadores y los sectores m\u00e1s vulnerados. ATE C\u00f3rdoba manifiesta su profundo pesar por el fallecimiento de &#8220;Nina&#8221; y env\u00eda su acompa\u00f1amiento y un c\u00e1lido saludo a su familia, seres queridos y compa\u00f1eros m\u00e1s cercanos en un momento de tanto dolor.<\/span><\/p>\n","protected":false},"excerpt":{"rendered":"<p>La CTA Aut\u00f3noma de Misiones comunica con profundo dolor el fallecimiento de Blanca &#8220;Nina&#8221; Somariva, secretaria General de la CTA Aut\u00f3noma de Ober\u00e1. &#8220;Nina&#8221; naci\u00f3 en Colonia San Mart\u00edn Ober\u00e1 y milit\u00f3 durante toda su vida. Sobreviviente de la \u00faltima dictadura c\u00edvico militar, aport\u00f3 su testimonio para juzgar y condenar a varios de los represores [&hellip;]<\/p>\n","protected":false},"author":1,"featured_media":19220,"comment_status":"open","ping_status":"open","sticky":false,"template":"","format":"standard","meta":{"_exactmetrics_skip_tracking":false,"_exactmetrics_sitenote_active":false,"_exactmetrics_sitenote_note":"","_exactmetrics_sitenote_category":0,"jnews-multi-image_gallery":[],"jnews_single_post":[],"jnews_primary_category":[],"jnews_social_meta":[],"jnews_review":[],"enable_review":"","type":"","name":"","summary":"","brand":"","sku":"","good":[],"bad":[],"score_override":"","override_value":"","rating":[],"price":[],"jnews_override_counter":[],"jnews_post_split":[],"footnotes":""},"categories":[92],"tags":[],"class_list":["post-7917","post","type-post","status-publish","format-standard","has-post-thumbnail","hentry","category-cta"],"jetpack_featured_media_url":"https:\/\/atecordoba.org\/wp-content\/uploads\/2020\/05\/logo-nuevochico-e1561581322808.png","_links":{"self":[{"href":"https:\/\/atecordoba.org\/index.php?rest_route=\/wp\/v2\/posts\/7917","targetHints":{"allow":["GET"]}}],"collection":[{"href":"https:\/\/atecordoba.org\/index.php?rest_route=\/wp\/v2\/posts"}],"about":[{"href":"https:\/\/atecordoba.org\/index.php?rest_route=\/wp\/v2\/types\/post"}],"author":[{"embeddable":true,"href":"https:\/\/atecordoba.org\/index.php?rest_route=\/wp\/v2\/users\/1"}],"replies":[{"embeddable":true,"href":"https:\/\/atecordoba.org\/index.php?rest_route=%2Fwp%2Fv2%2Fcomments&post=7917"}],"version-history":[{"count":0,"href":"https:\/\/atecordoba.org\/index.php?rest_route=\/wp\/v2\/posts\/7917\/revisions"}],"wp:featuredmedia":[{"embeddable":true,"href":"https:\/\/atecordoba.org\/index.php?rest_route=\/wp\/v2\/media\/19220"}],"wp:attachment":[{"href":"https:\/\/atecordoba.org\/index.php?rest_route=%2Fwp%2Fv2%2Fmedia&parent=7917"}],"wp:term":[{"taxonomy":"category","embeddable":true,"href":"https:\/\/atecordoba.org\/index.php?rest_route=%2Fwp%2Fv2%2Fcategories&post=7917"},{"taxonomy":"post_tag","embeddable":true,"href":"https:\/\/atecordoba.org\/index.php?rest_route=%2Fwp%2Fv2%2Ftags&post=7917"}],"curies":[{"name":"wp","href":"https:\/\/api.w.org\/{rel}","templated":true}]}}