{"id":7914,"date":"2017-01-06T13:35:43","date_gmt":"2017-01-06T16:35:43","guid":{"rendered":"http:\/\/www.atecordoba.org\/?p=7914"},"modified":"2017-01-06T13:35:43","modified_gmt":"2017-01-06T16:35:43","slug":"educacion-amenazan-de-muerte-a-delegados-de-ate","status":"publish","type":"post","link":"https:\/\/atecordoba.org\/?p=7914","title":{"rendered":"Educaci\u00f3n: amenazan de muerte a delegados de ATE"},"content":{"rendered":"<p><em>En el local gremial del Palacio Pizzurno apareci\u00f3 una foto de los delegados de ATE y amenazas con connotaciones pol\u00edticas. Repudio de ATE C\u00f3rdoba.<\/em><\/p>\n<p><img loading=\"lazy\" decoding=\"async\" class=\"aligncenter size-full wp-image-7915\" src=\"http:\/\/www.atecordoba.org\/wp-content\/uploads\/2017\/01\/min-eduacion-e1483720522326.jpg\" alt=\"min-eduacion\" width=\"550\" height=\"424\"><\/p>\n<p>El conflicto que llevan adelante hace una semana los trabajadores del sector, se encuentra estancado ante la falta de respuestas por parte de los funcionarios que encabeza el ministro Esteban Bullrich. Las amenazas de muerte a los delegados de nuestro gremio s\u00f3lo son un agravante y un factor de tensi\u00f3n, pero no har\u00e1n cesar la lucha de los compa\u00f1eros. Desde ATE C\u00f3rdoba repudiamos las amenazas y levantamos una vez m\u00e1s la bandera de la libertad gremial, el derecho a protesta y resaltamos la importancia de que los trabajadores est\u00e9n organizados para pelear por sus derechos.<\/p>\n<p>Rodrigo Recalde, secretario general de la Junta Interna de ATE en el Ministerio de Educaci\u00f3n, en declaraciones a la prensa se\u00f1al\u00f3 que \u201cesto demuestra el nivel de hostigamiento. El Ministerio est\u00e1 sitiado por la Polic\u00eda Federal y quien dej\u00f3 esa nota seguramente fue una persona que pudo ingresar. Esperamos que las autoridades se re\u00fanan con nosotros para dar respuesta a los actos que est\u00e1n pasando\u201d.<\/p>\n<p>Frente a esta situaci\u00f3n, Recalde aclar\u00f3 que \u201cno nos van a amedrentar con estas amenazas, vamos a intensificar lo que nos corresponde por derecho, que son las medidas de fuerza. Estamos en estado de derecho, aunque no lo quieran reconocer, y vamos a continuar con las medidas de fuerza porque no queremos desviar el eje\u201d de los tres mil despidos.<\/p>\n<p>\u201cEsta amenaza es la primera que se hace con foto y con esta impronta. Nosotros responsabilizamos a Esteban Bullrich, a Diego Mar\u00edas (jefe de Gabinete del Ministerio), a F\u00e9lix Lacroze (Subsecretario de Coordinaci\u00f3n Administrativa) por la integridad de nuestros compa\u00f1eros trabajadores y del cuerpo de delegados\u201d, se\u00f1al\u00f3 Recalde.<\/p>\n<p>En cuanto a la resoluci\u00f3n del conflicto, el secretario general de la junta interna de ATE se\u00f1al\u00f3 que \u201clo \u00fanico que tenemos es que ellos dicen que no se est\u00e1 echando gente, que se la est\u00e1 desvinculando. Creen que la sem\u00e1ntica los exonera de la responsabilidad pol\u00edtica de rajar compa\u00f1eros\u201d.<\/p>\n<p>En este contexto, Recalde anticip\u00f3 que van \u201ca meter estas amenazas en las presentaciones que venimos haciendo por la represi\u00f3n del lunes\u201d y que intensificar\u00e1n \u201clas medidas de lucha, seguimos con el paro indeterminado y si tenemos que volver a la permanencia, volveremos. Hoy a la tarde las Madres de Plaza de Mayo nos han invitado para formar parte de la ronda\u201d que realizan cada jueves.<\/p>\n","protected":false},"excerpt":{"rendered":"<p>En el local gremial del Palacio Pizzurno apareci\u00f3 una foto de los delegados de ATE y amenazas con connotaciones pol\u00edticas. Repudio de ATE C\u00f3rdoba. El conflicto que llevan adelante hace una semana los trabajadores del sector, se encuentra estancado ante la falta de respuestas por parte de los funcionarios que encabeza el ministro Esteban Bullrich. [&hellip;]<\/p>\n","protected":false},"author":1,"featured_media":19220,"comment_status":"open","ping_status":"open","sticky":false,"template":"","format":"standard","meta":{"_exactmetrics_skip_tracking":false,"_exactmetrics_sitenote_active":false,"_exactmetrics_sitenote_note":"","_exactmetrics_sitenote_category":0,"jnews-multi-image_gallery":[],"jnews_single_post":[],"jnews_primary_category":[],"jnews_social_meta":[],"jnews_review":[],"enable_review":"","type":"","name":"","summary":"","brand":"","sku":"","good":[],"bad":[],"score_override":"","override_value":"","rating":[],"price":[],"jnews_override_counter":[],"jnews_post_split":[],"footnotes":""},"categories":[18],"tags":[],"class_list":["post-7914","post","type-post","status-publish","format-standard","has-post-thumbnail","hentry","category-nacionales"],"jetpack_featured_media_url":"https:\/\/atecordoba.org\/wp-content\/uploads\/2020\/05\/logo-nuevochico-e1561581322808.png","_links":{"self":[{"href":"https:\/\/atecordoba.org\/index.php?rest_route=\/wp\/v2\/posts\/7914","targetHints":{"allow":["GET"]}}],"collection":[{"href":"https:\/\/atecordoba.org\/index.php?rest_route=\/wp\/v2\/posts"}],"about":[{"href":"https:\/\/atecordoba.org\/index.php?rest_route=\/wp\/v2\/types\/post"}],"author":[{"embeddable":true,"href":"https:\/\/atecordoba.org\/index.php?rest_route=\/wp\/v2\/users\/1"}],"replies":[{"embeddable":true,"href":"https:\/\/atecordoba.org\/index.php?rest_route=%2Fwp%2Fv2%2Fcomments&post=7914"}],"version-history":[{"count":0,"href":"https:\/\/atecordoba.org\/index.php?rest_route=\/wp\/v2\/posts\/7914\/revisions"}],"wp:featuredmedia":[{"embeddable":true,"href":"https:\/\/atecordoba.org\/index.php?rest_route=\/wp\/v2\/media\/19220"}],"wp:attachment":[{"href":"https:\/\/atecordoba.org\/index.php?rest_route=%2Fwp%2Fv2%2Fmedia&parent=7914"}],"wp:term":[{"taxonomy":"category","embeddable":true,"href":"https:\/\/atecordoba.org\/index.php?rest_route=%2Fwp%2Fv2%2Fcategories&post=7914"},{"taxonomy":"post_tag","embeddable":true,"href":"https:\/\/atecordoba.org\/index.php?rest_route=%2Fwp%2Fv2%2Ftags&post=7914"}],"curies":[{"name":"wp","href":"https:\/\/api.w.org\/{rel}","templated":true}]}}