{"id":7911,"date":"2017-01-05T12:54:05","date_gmt":"2017-01-05T15:54:05","guid":{"rendered":"http:\/\/www.atecordoba.org\/?p=7911"},"modified":"2017-01-05T12:54:05","modified_gmt":"2017-01-05T15:54:05","slug":"ate-repudia-los-despidos-en-yacimientos-carboniferos-rio-turbio","status":"publish","type":"post","link":"https:\/\/atecordoba.org\/?p=7911","title":{"rendered":"ATE repudia los despidos en Yacimientos Carbon\u00edferos R\u00edo Turbio"},"content":{"rendered":"<p><em>Se trata de 79 compa\u00f1eros a los que la empresa no dio ning\u00fan aviso previo de su desvinculaci\u00f3n.<\/em><\/p>\n<p><img loading=\"lazy\" decoding=\"async\" class=\"aligncenter size-full wp-image-7912\" src=\"http:\/\/www.atecordoba.org\/wp-content\/uploads\/2017\/01\/YCRT-e1483631297834.jpg\" alt=\"ycrt\" width=\"550\" height=\"367\"><\/p>\n<p>Tanto el Consejo Directivo Nacional de ATE, como el Consejo Directivo Provincial del sindicato en Santa Cruz y la Comisi\u00f3n Normalizadora de ATE R\u00edo Turbio repudiaron los 79 despidos que se produjeron ayer en Yacimientos Carbon\u00edferos R\u00edo Turbio, y exigieron la inmediata reincorporaci\u00f3n de todos los compa\u00f1eros. Desde ATE C\u00f3rdoba nos sumamos al repudio y nos solidarizamos con los compa\u00f1eros.<\/p>\n<p>Las autoridades de la empresa no cumplieron con la Ley de Contrato de Trabajo porque no hubo ning\u00fan tipo de aviso previo a los trabajadores sobre su desvinculaci\u00f3n de YCRT.<\/p>\n<p>Los trabajadores y la empresa est\u00e1n sufriendo, desde hace muchos a\u00f1os, una falta de definici\u00f3n que agrava la situaci\u00f3n. Durante el Gobierno anterior no fue aprobada, como ATE esperaba, la definici\u00f3n de la figura jur\u00eddica de la empresa como empresa del Estado, y con el Gobierno actual la problem\u00e1tica se profundiza por la falta de una pol\u00edtica energ\u00e9tica estatal y por las pol\u00edticas de ajuste y desfinanciamiento.<\/p>\n","protected":false},"excerpt":{"rendered":"<p>Se trata de 79 compa\u00f1eros a los que la empresa no dio ning\u00fan aviso previo de su desvinculaci\u00f3n. Tanto el Consejo Directivo Nacional de ATE, como el Consejo Directivo Provincial del sindicato en Santa Cruz y la Comisi\u00f3n Normalizadora de ATE R\u00edo Turbio repudiaron los 79 despidos que se produjeron ayer en Yacimientos Carbon\u00edferos R\u00edo [&hellip;]<\/p>\n","protected":false},"author":1,"featured_media":19220,"comment_status":"open","ping_status":"open","sticky":false,"template":"","format":"standard","meta":{"_exactmetrics_skip_tracking":false,"_exactmetrics_sitenote_active":false,"_exactmetrics_sitenote_note":"","_exactmetrics_sitenote_category":0,"jnews-multi-image_gallery":[],"jnews_single_post":[],"jnews_primary_category":[],"jnews_social_meta":[],"jnews_review":[],"enable_review":"","type":"","name":"","summary":"","brand":"","sku":"","good":[],"bad":[],"score_override":"","override_value":"","rating":[],"price":[],"jnews_override_counter":[],"jnews_post_split":[],"footnotes":""},"categories":[18],"tags":[],"class_list":["post-7911","post","type-post","status-publish","format-standard","has-post-thumbnail","hentry","category-nacionales"],"jetpack_featured_media_url":"https:\/\/atecordoba.org\/wp-content\/uploads\/2020\/05\/logo-nuevochico-e1561581322808.png","_links":{"self":[{"href":"https:\/\/atecordoba.org\/index.php?rest_route=\/wp\/v2\/posts\/7911","targetHints":{"allow":["GET"]}}],"collection":[{"href":"https:\/\/atecordoba.org\/index.php?rest_route=\/wp\/v2\/posts"}],"about":[{"href":"https:\/\/atecordoba.org\/index.php?rest_route=\/wp\/v2\/types\/post"}],"author":[{"embeddable":true,"href":"https:\/\/atecordoba.org\/index.php?rest_route=\/wp\/v2\/users\/1"}],"replies":[{"embeddable":true,"href":"https:\/\/atecordoba.org\/index.php?rest_route=%2Fwp%2Fv2%2Fcomments&post=7911"}],"version-history":[{"count":0,"href":"https:\/\/atecordoba.org\/index.php?rest_route=\/wp\/v2\/posts\/7911\/revisions"}],"wp:featuredmedia":[{"embeddable":true,"href":"https:\/\/atecordoba.org\/index.php?rest_route=\/wp\/v2\/media\/19220"}],"wp:attachment":[{"href":"https:\/\/atecordoba.org\/index.php?rest_route=%2Fwp%2Fv2%2Fmedia&parent=7911"}],"wp:term":[{"taxonomy":"category","embeddable":true,"href":"https:\/\/atecordoba.org\/index.php?rest_route=%2Fwp%2Fv2%2Fcategories&post=7911"},{"taxonomy":"post_tag","embeddable":true,"href":"https:\/\/atecordoba.org\/index.php?rest_route=%2Fwp%2Fv2%2Ftags&post=7911"}],"curies":[{"name":"wp","href":"https:\/\/api.w.org\/{rel}","templated":true}]}}