{"id":7908,"date":"2017-01-03T13:27:43","date_gmt":"2017-01-03T16:27:43","guid":{"rendered":"http:\/\/www.atecordoba.org\/?p=7908"},"modified":"2017-01-03T13:27:43","modified_gmt":"2017-01-03T16:27:43","slug":"despidos-asamblea-en-economia-y-la-ausencia-de-los-funcionarios","status":"publish","type":"post","link":"https:\/\/atecordoba.org\/?p=7908","title":{"rendered":"Despidos: asamblea en Econom\u00eda y la ausencia de los funcionarios"},"content":{"rendered":"<p><em>ATE C\u00f3rdoba manifiesta de manera en\u00e9rgica su repudio a los despidos en el ministerio de Econom\u00eda y se solidariza con las compa\u00f1eras Romina Prescia y Mayra Coatz, cesanteadas sin justificaci\u00f3n.<\/em><\/p>\n<p>Tras ser notificadas las cesant\u00edas de Romina Prescia y Mayra Coatz de manera arbitraria y sin justificaci\u00f3n alguna, ATE se hizo presente en el Ministerio de Econom\u00eda para hacer ingresar a las trabajadoras a quienes se les retir\u00f3 la tarjeta de entrada.<\/p>\n<div class=\"epyt-video-wrapper\"><iframe loading=\"lazy\"  style=\"display: block; margin: 0px auto;\"  id=\"_ytid_18676\"  width=\"480\" height=\"360\"  data-origwidth=\"480\" data-origheight=\"360\" src=\"https:\/\/www.youtube.com\/embed\/Cv6ZyopPIkM?enablejsapi=1&#038;autoplay=0&#038;cc_load_policy=0&#038;cc_lang_pref=&#038;iv_load_policy=3&#038;loop=0&#038;rel=0&#038;fs=1&#038;playsinline=0&#038;autohide=2&#038;theme=dark&#038;color=red&#038;controls=1&#038;disablekb=0&#038;\" class=\"__youtube_prefs__  epyt-is-override  no-lazyload\" title=\"YouTube player\"  allow=\"fullscreen; accelerometer; autoplay; clipboard-write; encrypted-media; gyroscope; picture-in-picture; web-share\" referrerpolicy=\"strict-origin-when-cross-origin\" allowfullscreen data-no-lazy=\"1\" data-skipgform_ajax_framebjll=\"\"><\/iframe><\/div>\n<p>La asamblea realizada en la puerta del ministerio, acompa\u00f1ada por varias juntas internas de ATE de diferentes reparticiones, tuvo como eje denunciar el accionar de los funcionarios al cesantear a dos trabajadoras: una por hacer uso de licencia de lactancia y otra por persecuci\u00f3n gremial en su condici\u00f3n de paritaria dentro de ATE. Ambas trabajadoras tienen 5 y 7 a\u00f1os de antig\u00fcedad bajo la ley marco.<\/p>\n<p>En ese marco, Silvia Le\u00f3n, Secretaria de Organizaci\u00f3n de ATE nacional, se\u00f1al\u00f3 que \u201cse debati\u00f3 la gravedad de los despidos. Con la excusa del cambio de autoridades no hubo un solo funcionario que atendiera nuestros reclamos, por eso,&nbsp; desde el Consejo Directivo Nacional nos comprometimos a solicitar una reuni\u00f3n y los propios compa\u00f1eros har\u00e1n gestiones para poder sentarse a dialogar\u201d.<\/p>\n<p>Ante esto, Le\u00f3n remarc\u00f3 que \u201cde no haber respuesta, en las pr\u00f3ximas 48hs haremos una medida de fuerza\u201d. Adem\u00e1s, la dirigente rescat\u00f3 la \u201csolidaridad entre todos los trabajadores, ya que otra vez, un 2 de enero, seguimos peleando en la calle a pesar de los dichos del ministro de Modernizaci\u00f3n que no habr\u00eda m\u00e1s despidos\u201d.<\/p>\n<p><img loading=\"lazy\" decoding=\"async\" class=\"aligncenter size-full wp-image-7909\" src=\"http:\/\/www.atecordoba.org\/wp-content\/uploads\/2017\/01\/min-economia-e1483460833559.jpg\" alt=\"min-economia\" width=\"550\" height=\"413\"><\/p>\n<p>Por su parte, Eduardo Viceiro delegado de ATE en Econom\u00eda, sostuvo que &#8220;estos despidos deben ser entendidos como un ataque a la actividad sindical y pretende ser aleccionador para miles de trabajadores del Estado. Dujovne promueve la eliminaci\u00f3n de un mill\u00f3n de puestos de trabajo en el Estado, que ya comenzaron con los 3.000 despidos en el Ministerio de Educaci\u00f3n&#8221;.<\/p>\n<p>&#8220;En Hacienda esta amenaza se cierne sobre los casi 4.000 empleados que est\u00e1n contratados de manera precaria y a quienes Dujovne debe renovar su contrato&#8221;, culmin\u00f3.<\/p>\n<p>Finalmente, Mayra Coatz, una de las cesanteadas, asegur\u00f3 que \u201clos funcionarios quieren echarnos por ser madres y por organizarnos por nuestros derechos. Resaltamos que es un ataque a los derechos de las mujeres en general y a lo que implica la defensa del #NiUnaMenos&#8221;.<\/p>\n","protected":false},"excerpt":{"rendered":"<p>ATE C\u00f3rdoba manifiesta de manera en\u00e9rgica su repudio a los despidos en el ministerio de Econom\u00eda y se solidariza con las compa\u00f1eras Romina Prescia y Mayra Coatz, cesanteadas sin justificaci\u00f3n. Tras ser notificadas las cesant\u00edas de Romina Prescia y Mayra Coatz de manera arbitraria y sin justificaci\u00f3n alguna, ATE se hizo presente en el Ministerio [&hellip;]<\/p>\n","protected":false},"author":1,"featured_media":19220,"comment_status":"open","ping_status":"open","sticky":false,"template":"","format":"standard","meta":{"_exactmetrics_skip_tracking":false,"_exactmetrics_sitenote_active":false,"_exactmetrics_sitenote_note":"","_exactmetrics_sitenote_category":0,"jnews-multi-image_gallery":[],"jnews_single_post":[],"jnews_primary_category":[],"jnews_social_meta":[],"jnews_review":[],"enable_review":"","type":"","name":"","summary":"","brand":"","sku":"","good":[],"bad":[],"score_override":"","override_value":"","rating":[],"price":[],"jnews_override_counter":[],"jnews_post_split":[],"footnotes":""},"categories":[18],"tags":[],"class_list":["post-7908","post","type-post","status-publish","format-standard","has-post-thumbnail","hentry","category-nacionales"],"jetpack_featured_media_url":"https:\/\/atecordoba.org\/wp-content\/uploads\/2020\/05\/logo-nuevochico-e1561581322808.png","_links":{"self":[{"href":"https:\/\/atecordoba.org\/index.php?rest_route=\/wp\/v2\/posts\/7908","targetHints":{"allow":["GET"]}}],"collection":[{"href":"https:\/\/atecordoba.org\/index.php?rest_route=\/wp\/v2\/posts"}],"about":[{"href":"https:\/\/atecordoba.org\/index.php?rest_route=\/wp\/v2\/types\/post"}],"author":[{"embeddable":true,"href":"https:\/\/atecordoba.org\/index.php?rest_route=\/wp\/v2\/users\/1"}],"replies":[{"embeddable":true,"href":"https:\/\/atecordoba.org\/index.php?rest_route=%2Fwp%2Fv2%2Fcomments&post=7908"}],"version-history":[{"count":0,"href":"https:\/\/atecordoba.org\/index.php?rest_route=\/wp\/v2\/posts\/7908\/revisions"}],"wp:featuredmedia":[{"embeddable":true,"href":"https:\/\/atecordoba.org\/index.php?rest_route=\/wp\/v2\/media\/19220"}],"wp:attachment":[{"href":"https:\/\/atecordoba.org\/index.php?rest_route=%2Fwp%2Fv2%2Fmedia&parent=7908"}],"wp:term":[{"taxonomy":"category","embeddable":true,"href":"https:\/\/atecordoba.org\/index.php?rest_route=%2Fwp%2Fv2%2Fcategories&post=7908"},{"taxonomy":"post_tag","embeddable":true,"href":"https:\/\/atecordoba.org\/index.php?rest_route=%2Fwp%2Fv2%2Ftags&post=7908"}],"curies":[{"name":"wp","href":"https:\/\/api.w.org\/{rel}","templated":true}]}}