{"id":7905,"date":"2017-01-02T13:01:01","date_gmt":"2017-01-02T16:01:01","guid":{"rendered":"http:\/\/www.atecordoba.org\/?p=7905"},"modified":"2017-01-02T13:01:01","modified_gmt":"2017-01-02T16:01:01","slug":"toma-del-ministerio-de-educacion-resoluciones-de-la-asamblea","status":"publish","type":"post","link":"https:\/\/atecordoba.org\/?p=7905","title":{"rendered":"Toma del Ministerio de Educaci\u00f3n: resoluciones de la asamblea"},"content":{"rendered":"<p><em>Desde ATE C\u00f3rdoba nos solidarizamos con el reclamo de los compa\u00f1eros y compa\u00f1eras del Ministerio de Educaci\u00f3n en su plan de lucha y a la espera de la resoluci\u00f3n de la asamblea que se est\u00e1 realizando hoy.<\/em><\/p>\n<p><img loading=\"lazy\" decoding=\"async\" class=\"aligncenter size-full wp-image-7906\" src=\"http:\/\/www.atecordoba.org\/wp-content\/uploads\/2017\/01\/min-edu-nacion-e1483372845452.jpg\" alt=\"min-edu-nacion\" width=\"550\" height=\"308\"><\/p>\n<p>La Junta Interna de ATE en el Ministerio de Educaci\u00f3n difundi\u00f3 un comunicado sobre el conflicto por los despidos en el sector:<\/p>\n<p>&#8220;En el marco de la medida de permanencia pac\u00edfica que este colectivo de trabajadores y trabajadoras ha realizado desde las 11 de la ma\u00f1ana del jueves 29 de diciembre, en la sede de Av. Santa Fe 1548 del Ministerio de Educaci\u00f3n y Deportes de la Naci\u00f3n, la asamblea realizada el viernes 30 ha decidido:<\/p>\n<p>&#8211; Entrar en un cuarto intermedio en el marco de la medida de fuerza, hasta el d\u00eda lunes 2 de enero de 2017, en la que se realizar\u00e1 una nueva asamblea a las 10 hs., para tomar definiciones en cuanto a las acciones futuras a llevar adelante.<\/p>\n<p>Entendemos como colectivo organizado que reinar\u00e1 sobre las autoridades de este ministerio el sentido com\u00fan y la buena fe, en pos de la resoluci\u00f3n definitiva de este conflicto. De caso contrario, ATE Educaci\u00f3n y Deportes garantizar\u00e1 las medidas de lucha tal como las que se llevaron adelante esta semana y lograron instalar en la opini\u00f3n p\u00fablica lo que el Ministro Bullrich ya no puede negar&#8221;.<\/p>\n","protected":false},"excerpt":{"rendered":"<p>Desde ATE C\u00f3rdoba nos solidarizamos con el reclamo de los compa\u00f1eros y compa\u00f1eras del Ministerio de Educaci\u00f3n en su plan de lucha y a la espera de la resoluci\u00f3n de la asamblea que se est\u00e1 realizando hoy. La Junta Interna de ATE en el Ministerio de Educaci\u00f3n difundi\u00f3 un comunicado sobre el conflicto por los [&hellip;]<\/p>\n","protected":false},"author":1,"featured_media":19220,"comment_status":"open","ping_status":"open","sticky":false,"template":"","format":"standard","meta":{"_exactmetrics_skip_tracking":false,"_exactmetrics_sitenote_active":false,"_exactmetrics_sitenote_note":"","_exactmetrics_sitenote_category":0,"jnews-multi-image_gallery":[],"jnews_single_post":[],"jnews_primary_category":[],"jnews_social_meta":[],"jnews_review":[],"enable_review":"","type":"","name":"","summary":"","brand":"","sku":"","good":[],"bad":[],"score_override":"","override_value":"","rating":[],"price":[],"jnews_override_counter":[],"jnews_post_split":[],"footnotes":""},"categories":[18],"tags":[],"class_list":["post-7905","post","type-post","status-publish","format-standard","has-post-thumbnail","hentry","category-nacionales"],"jetpack_featured_media_url":"https:\/\/atecordoba.org\/wp-content\/uploads\/2020\/05\/logo-nuevochico-e1561581322808.png","_links":{"self":[{"href":"https:\/\/atecordoba.org\/index.php?rest_route=\/wp\/v2\/posts\/7905","targetHints":{"allow":["GET"]}}],"collection":[{"href":"https:\/\/atecordoba.org\/index.php?rest_route=\/wp\/v2\/posts"}],"about":[{"href":"https:\/\/atecordoba.org\/index.php?rest_route=\/wp\/v2\/types\/post"}],"author":[{"embeddable":true,"href":"https:\/\/atecordoba.org\/index.php?rest_route=\/wp\/v2\/users\/1"}],"replies":[{"embeddable":true,"href":"https:\/\/atecordoba.org\/index.php?rest_route=%2Fwp%2Fv2%2Fcomments&post=7905"}],"version-history":[{"count":0,"href":"https:\/\/atecordoba.org\/index.php?rest_route=\/wp\/v2\/posts\/7905\/revisions"}],"wp:featuredmedia":[{"embeddable":true,"href":"https:\/\/atecordoba.org\/index.php?rest_route=\/wp\/v2\/media\/19220"}],"wp:attachment":[{"href":"https:\/\/atecordoba.org\/index.php?rest_route=%2Fwp%2Fv2%2Fmedia&parent=7905"}],"wp:term":[{"taxonomy":"category","embeddable":true,"href":"https:\/\/atecordoba.org\/index.php?rest_route=%2Fwp%2Fv2%2Fcategories&post=7905"},{"taxonomy":"post_tag","embeddable":true,"href":"https:\/\/atecordoba.org\/index.php?rest_route=%2Fwp%2Fv2%2Ftags&post=7905"}],"curies":[{"name":"wp","href":"https:\/\/api.w.org\/{rel}","templated":true}]}}