{"id":7897,"date":"2016-12-29T14:39:57","date_gmt":"2016-12-29T17:39:57","guid":{"rendered":"http:\/\/www.atecordoba.org\/?p=7897"},"modified":"2016-12-29T14:39:57","modified_gmt":"2016-12-29T17:39:57","slug":"fallecio-omar-gaviglio-companero-de-la-seccional-rio-tercero","status":"publish","type":"post","link":"https:\/\/atecordoba.org\/?p=7897","title":{"rendered":"Falleci\u00f3 Omar Gaviglio, compa\u00f1ero de la Seccional R\u00edo Tercero"},"content":{"rendered":"<p><em>Con profundo pesar comunicamos el fallecimiento del compa\u00f1ero Omar Gaviglio luego de pelear denodadamente contra la enfermedad que le quit\u00f3 la vida.<\/em><\/p>\n<p><img loading=\"lazy\" decoding=\"async\" class=\"aligncenter size-full wp-image-7898\" src=\"http:\/\/www.atecordoba.org\/wp-content\/uploads\/2016\/12\/Gaviglio-e1483033086717.jpg\" alt=\"gaviglio\" width=\"550\" height=\"411\"><\/p>\n<p>Omar Gaviglio se desempe\u00f1\u00f3 como trabajador de fabricaciones militares y siempre estuvo muy vinculado a las conducciones de ATE a partir de la recuperaci\u00f3n del gremio en 1984. Ejerci\u00f3 casi siempre como vocal y tambi\u00e9n tuvo cargos dentro de la CTA. Cuando fueron las explosiones de la planta militar de R\u00edo Tercero Gaviglio era jefe de la planta de carga y fue de gran ayuda durante el juicio, aportando datos y declarando en reiteradas oportunidades para probar que las explosiones fueron de car\u00e1cter intencional. Adem\u00e1s, condujo el Centro de Jubilados y Pensionados de la Seccional R\u00edo Tercero en los per\u00edodos 2007-2011 y 2011-2015, donde hizo una obra digna de destacar con avances edilicios y consultorios. Bajo su conducci\u00f3n, el Centro recobr\u00f3 vida y Gaviglio le imprimi\u00f3 un desarrollo pol\u00edtico y social.<\/p>\n<p>Desde la conducci\u00f3n de la Seccional R\u00edo Tercero y desde el Consejo Directivo Provincial lo despedimos con profundo dolor y acompa\u00f1amos a su familia y allegados m\u00e1s cercanos en este dif\u00edcil momento.<\/p>\n","protected":false},"excerpt":{"rendered":"<p>Con profundo pesar comunicamos el fallecimiento del compa\u00f1ero Omar Gaviglio luego de pelear denodadamente contra la enfermedad que le quit\u00f3 la vida. Omar Gaviglio se desempe\u00f1\u00f3 como trabajador de fabricaciones militares y siempre estuvo muy vinculado a las conducciones de ATE a partir de la recuperaci\u00f3n del gremio en 1984. Ejerci\u00f3 casi siempre como vocal [&hellip;]<\/p>\n","protected":false},"author":1,"featured_media":19220,"comment_status":"open","ping_status":"open","sticky":false,"template":"","format":"standard","meta":{"_exactmetrics_skip_tracking":false,"_exactmetrics_sitenote_active":false,"_exactmetrics_sitenote_note":"","_exactmetrics_sitenote_category":0,"jnews-multi-image_gallery":[],"jnews_single_post":[],"jnews_primary_category":[],"jnews_social_meta":[],"jnews_review":[],"enable_review":"","type":"","name":"","summary":"","brand":"","sku":"","good":[],"bad":[],"score_override":"","override_value":"","rating":[],"price":[],"jnews_override_counter":[],"jnews_post_split":[],"footnotes":""},"categories":[13],"tags":[],"class_list":["post-7897","post","type-post","status-publish","format-standard","has-post-thumbnail","hentry","category-rio-tercero"],"jetpack_featured_media_url":"https:\/\/atecordoba.org\/wp-content\/uploads\/2020\/05\/logo-nuevochico-e1561581322808.png","_links":{"self":[{"href":"https:\/\/atecordoba.org\/index.php?rest_route=\/wp\/v2\/posts\/7897","targetHints":{"allow":["GET"]}}],"collection":[{"href":"https:\/\/atecordoba.org\/index.php?rest_route=\/wp\/v2\/posts"}],"about":[{"href":"https:\/\/atecordoba.org\/index.php?rest_route=\/wp\/v2\/types\/post"}],"author":[{"embeddable":true,"href":"https:\/\/atecordoba.org\/index.php?rest_route=\/wp\/v2\/users\/1"}],"replies":[{"embeddable":true,"href":"https:\/\/atecordoba.org\/index.php?rest_route=%2Fwp%2Fv2%2Fcomments&post=7897"}],"version-history":[{"count":0,"href":"https:\/\/atecordoba.org\/index.php?rest_route=\/wp\/v2\/posts\/7897\/revisions"}],"wp:featuredmedia":[{"embeddable":true,"href":"https:\/\/atecordoba.org\/index.php?rest_route=\/wp\/v2\/media\/19220"}],"wp:attachment":[{"href":"https:\/\/atecordoba.org\/index.php?rest_route=%2Fwp%2Fv2%2Fmedia&parent=7897"}],"wp:term":[{"taxonomy":"category","embeddable":true,"href":"https:\/\/atecordoba.org\/index.php?rest_route=%2Fwp%2Fv2%2Fcategories&post=7897"},{"taxonomy":"post_tag","embeddable":true,"href":"https:\/\/atecordoba.org\/index.php?rest_route=%2Fwp%2Fv2%2Ftags&post=7897"}],"curies":[{"name":"wp","href":"https:\/\/api.w.org\/{rel}","templated":true}]}}