{"id":7884,"date":"2016-12-27T13:54:43","date_gmt":"2016-12-27T16:54:43","guid":{"rendered":"http:\/\/www.atecordoba.org\/?p=7884"},"modified":"2016-12-27T13:54:43","modified_gmt":"2016-12-27T16:54:43","slug":"se-entregaron-cajas-navidenas-a-los-afiliados-del-interior-provincial","status":"publish","type":"post","link":"https:\/\/atecordoba.org\/?p=7884","title":{"rendered":"Se entregaron cajas navide\u00f1as a los afiliados del interior provincial"},"content":{"rendered":"<p><em>Como todos los a\u00f1os, ATE entreg\u00f3 cajas navide\u00f1as a sus afiliados en las distintas localidades del interior para acompa\u00f1ar las celebraciones de las fiestas junto a sus familias.<\/em><\/p>\n<p><img loading=\"lazy\" decoding=\"async\" class=\"aligncenter size-full wp-image-7885\" src=\"http:\/\/www.atecordoba.org\/wp-content\/uploads\/2016\/12\/WhatsApp-Image-2016-12-26-at-15.38.41-e1482857544501.jpeg\" alt=\"whatsapp-image-2016-12-26-at-15-38-41\" width=\"550\" height=\"309\"><br \/>\nLa entrega se hizo en diversos puntos de nuestra geograf\u00eda provincial. Se entregaron cajas a los afiliados de San Carlos Minas, San Marcos Sierras, Cruz del Eje, Soto, Chu\u00f1a, El Chacho, Quilino, De\u00e1n Funes, Jes\u00fas Mar\u00eda, Unquillo, Malague\u00f1o, Salsacate, Los Talares, Alta Gracia, San Francisco, entre otras.<\/p>\n<p><img loading=\"lazy\" decoding=\"async\" class=\"aligncenter size-full wp-image-7886\" src=\"http:\/\/www.atecordoba.org\/wp-content\/uploads\/2016\/12\/WhatsApp-Image-2016-12-26-at-15.38.42-1-e1482857535780.jpeg\" alt=\"whatsapp-image-2016-12-26-at-15-38-42-1\" width=\"550\" height=\"330\"><\/p>\n<p>Con esto, nuestro gremio sigue cumpliendo con el compromiso de estar junto a sus miembros en fechas tan importantes para la integraci\u00f3n familiar como las fiestas de fin de a\u00f1o.<\/p>\n<p><img loading=\"lazy\" decoding=\"async\" class=\"aligncenter size-full wp-image-7892\" src=\"http:\/\/www.atecordoba.org\/wp-content\/uploads\/2016\/12\/WhatsApp-Image-2016-12-26-at-15.38.45-e1482857483614.jpeg\" alt=\"whatsapp-image-2016-12-26-at-15-38-45\" width=\"550\" height=\"978\"><\/p>\n<p><img loading=\"lazy\" decoding=\"async\" class=\"aligncenter size-full wp-image-7891\" src=\"http:\/\/www.atecordoba.org\/wp-content\/uploads\/2016\/12\/WhatsApp-Image-2016-12-26-at-15.38.44-e1482857492753.jpeg\" alt=\"whatsapp-image-2016-12-26-at-15-38-44\" width=\"550\" height=\"733\"><\/p>\n<p><img loading=\"lazy\" decoding=\"async\" class=\"aligncenter size-full wp-image-7890\" src=\"http:\/\/www.atecordoba.org\/wp-content\/uploads\/2016\/12\/WhatsApp-Image-2016-12-26-at-15.38.44-1-e1482857501453.jpeg\" alt=\"whatsapp-image-2016-12-26-at-15-38-44-1\" width=\"550\" height=\"733\"><\/p>\n<p><img loading=\"lazy\" decoding=\"async\" class=\"aligncenter size-full wp-image-7889\" src=\"http:\/\/www.atecordoba.org\/wp-content\/uploads\/2016\/12\/WhatsApp-Image-2016-12-26-at-15.38.43-e1482857510516.jpeg\" alt=\"whatsapp-image-2016-12-26-at-15-38-43\" width=\"550\" height=\"917\"><\/p>\n<p><img loading=\"lazy\" decoding=\"async\" class=\"aligncenter size-full wp-image-7888\" src=\"http:\/\/www.atecordoba.org\/wp-content\/uploads\/2016\/12\/WhatsApp-Image-2016-12-26-at-15.38.42-e1482857519550.jpeg\" alt=\"whatsapp-image-2016-12-26-at-15-38-42\" width=\"550\" height=\"330\"><\/p>\n<p><img loading=\"lazy\" decoding=\"async\" class=\"aligncenter size-full wp-image-7887\" src=\"http:\/\/www.atecordoba.org\/wp-content\/uploads\/2016\/12\/WhatsApp-Image-2016-12-26-at-15.38.42-2-e1482857527818.jpeg\" alt=\"whatsapp-image-2016-12-26-at-15-38-42-2\" width=\"550\" height=\"310\"><\/p>\n","protected":false},"excerpt":{"rendered":"<p>Como todos los a\u00f1os, ATE entreg\u00f3 cajas navide\u00f1as a sus afiliados en las distintas localidades del interior para acompa\u00f1ar las celebraciones de las fiestas junto a sus familias. La entrega se hizo en diversos puntos de nuestra geograf\u00eda provincial. Se entregaron cajas a los afiliados de San Carlos Minas, San Marcos Sierras, Cruz del Eje, [&hellip;]<\/p>\n","protected":false},"author":1,"featured_media":19220,"comment_status":"open","ping_status":"open","sticky":false,"template":"","format":"standard","meta":{"_exactmetrics_skip_tracking":false,"_exactmetrics_sitenote_active":false,"_exactmetrics_sitenote_note":"","_exactmetrics_sitenote_category":0,"jnews-multi-image_gallery":[],"jnews_single_post":[],"jnews_primary_category":[],"jnews_social_meta":[],"jnews_review":[],"enable_review":"","type":"","name":"","summary":"","brand":"","sku":"","good":[],"bad":[],"score_override":"","override_value":"","rating":[],"price":[],"jnews_override_counter":[],"jnews_post_split":[],"footnotes":""},"categories":[75,20],"tags":[],"class_list":["post-7884","post","type-post","status-publish","format-standard","has-post-thumbnail","hentry","category-accion-social","category-municipales"],"jetpack_featured_media_url":"https:\/\/atecordoba.org\/wp-content\/uploads\/2020\/05\/logo-nuevochico-e1561581322808.png","_links":{"self":[{"href":"https:\/\/atecordoba.org\/index.php?rest_route=\/wp\/v2\/posts\/7884","targetHints":{"allow":["GET"]}}],"collection":[{"href":"https:\/\/atecordoba.org\/index.php?rest_route=\/wp\/v2\/posts"}],"about":[{"href":"https:\/\/atecordoba.org\/index.php?rest_route=\/wp\/v2\/types\/post"}],"author":[{"embeddable":true,"href":"https:\/\/atecordoba.org\/index.php?rest_route=\/wp\/v2\/users\/1"}],"replies":[{"embeddable":true,"href":"https:\/\/atecordoba.org\/index.php?rest_route=%2Fwp%2Fv2%2Fcomments&post=7884"}],"version-history":[{"count":0,"href":"https:\/\/atecordoba.org\/index.php?rest_route=\/wp\/v2\/posts\/7884\/revisions"}],"wp:featuredmedia":[{"embeddable":true,"href":"https:\/\/atecordoba.org\/index.php?rest_route=\/wp\/v2\/media\/19220"}],"wp:attachment":[{"href":"https:\/\/atecordoba.org\/index.php?rest_route=%2Fwp%2Fv2%2Fmedia&parent=7884"}],"wp:term":[{"taxonomy":"category","embeddable":true,"href":"https:\/\/atecordoba.org\/index.php?rest_route=%2Fwp%2Fv2%2Fcategories&post=7884"},{"taxonomy":"post_tag","embeddable":true,"href":"https:\/\/atecordoba.org\/index.php?rest_route=%2Fwp%2Fv2%2Ftags&post=7884"}],"curies":[{"name":"wp","href":"https:\/\/api.w.org\/{rel}","templated":true}]}}