{"id":7881,"date":"2016-12-22T18:11:08","date_gmt":"2016-12-22T21:11:08","guid":{"rendered":"http:\/\/www.atecordoba.org\/?p=7881"},"modified":"2016-12-22T18:11:08","modified_gmt":"2016-12-22T21:11:08","slug":"grave-ataque-a-la-libertad-sindical-y-la-convivencia-democratica-en-la-unc","status":"publish","type":"post","link":"https:\/\/atecordoba.org\/?p=7881","title":{"rendered":"Grave ataque a la libertad sindical y la convivencia democr\u00e1tica en la UNC"},"content":{"rendered":"<p><em>La acci\u00f3n conjunta de funcionarios universitarios y la gremial San Mart\u00edn intenta coartar la libertad de agremiaci\u00f3n en la UNC, atacando el derecho de los trabajadores de elegir a ATE como su sindicato.<\/em><\/p>\n<p><img loading=\"lazy\" decoding=\"async\" class=\"aligncenter size-full wp-image-7882\" src=\"http:\/\/www.atecordoba.org\/wp-content\/uploads\/2016\/12\/IMG-20151123-WA0022-e1482440771224.jpg\" alt=\"img-20151123-wa0022\" width=\"550\" height=\"413\"><\/p>\n<p>En un nuevo intento de proscribir a ATE en la Universidad Nacional de C\u00f3rdoba, la gremial San Mart\u00edn reclam\u00f3 a las autoridades universitarias retirar la retenci\u00f3n de la cuota de aporte sindical a nuestro gremio.<\/p>\n<p>La medida cuenta, lamentablemente, con el aval de algunos&nbsp; funcionarios de la Casa de Estudios que dieron v\u00eda libre a un planteo ilegal, ileg\u00edtimo y antidemocr\u00e1tico, que ya fue resuelto oportunamente en la Justicia a trav\u00e9s de sendos fallos de la Corte Suprema que zanjaron controversias de esta naturaleza.<\/p>\n<p>Esto se produce en el marco de un sostenido crecimiento de ATE entre los trabajadores no docentes, que no encuentran actualmente en otras organizaciones el veh\u00edculo para canalizar sus anhelos de restituci\u00f3n de derechos vulnerados.<\/p>\n<p>Pareciera que en vez de preocuparse por representar como corresponde a los trabajadores, algunas organizaciones pretender cercenar la presencia de ATE y volver a aquellos tiempos donde el unicato era la voz monocorde en la universidad.<\/p>\n<p>Vale se\u00f1alar que esta situaci\u00f3n no es solamente un ataque a nuestra organizaci\u00f3n sindical sino fundamentalmente una agresi\u00f3n a la libertad de elecci\u00f3n que tienen los compa\u00f1eros no docentes para optar por la organizaci\u00f3n sindical que mejor los represente, de acuerdo a lo establecido por la Constituci\u00f3n Nacional.<\/p>\n<p>En consecuencia, la asamblea general de afiliados de ATE-UNC declar\u00f3 el estado de alerta y movilizaci\u00f3n &nbsp;y convoca para el d\u00eda martes a una concentraci\u00f3n en el Pabell\u00f3n Argentina a las 11 horas, con abandono de tareas a las 10 horas, para rechazar este atropello al derecho de los trabajadores no docentes de la UNC.<\/p>\n<p>ATE no permitir\u00e1 en ning\u00fan caso que esta medida se lleve a cabo.<\/p>\n","protected":false},"excerpt":{"rendered":"<p>La acci\u00f3n conjunta de funcionarios universitarios y la gremial San Mart\u00edn intenta coartar la libertad de agremiaci\u00f3n en la UNC, atacando el derecho de los trabajadores de elegir a ATE como su sindicato. En un nuevo intento de proscribir a ATE en la Universidad Nacional de C\u00f3rdoba, la gremial San Mart\u00edn reclam\u00f3 a las autoridades [&hellip;]<\/p>\n","protected":false},"author":1,"featured_media":19220,"comment_status":"open","ping_status":"open","sticky":false,"template":"","format":"standard","meta":{"_exactmetrics_skip_tracking":false,"_exactmetrics_sitenote_active":false,"_exactmetrics_sitenote_note":"","_exactmetrics_sitenote_category":0,"jnews-multi-image_gallery":[],"jnews_single_post":[],"jnews_primary_category":[],"jnews_social_meta":[],"jnews_review":[],"enable_review":"","type":"","name":"","summary":"","brand":"","sku":"","good":[],"bad":[],"score_override":"","override_value":"","rating":[],"price":[],"jnews_override_counter":[],"jnews_post_split":[],"footnotes":""},"categories":[89],"tags":[],"class_list":["post-7881","post","type-post","status-publish","format-standard","has-post-thumbnail","hentry","category-unc"],"jetpack_featured_media_url":"https:\/\/atecordoba.org\/wp-content\/uploads\/2020\/05\/logo-nuevochico-e1561581322808.png","_links":{"self":[{"href":"https:\/\/atecordoba.org\/index.php?rest_route=\/wp\/v2\/posts\/7881","targetHints":{"allow":["GET"]}}],"collection":[{"href":"https:\/\/atecordoba.org\/index.php?rest_route=\/wp\/v2\/posts"}],"about":[{"href":"https:\/\/atecordoba.org\/index.php?rest_route=\/wp\/v2\/types\/post"}],"author":[{"embeddable":true,"href":"https:\/\/atecordoba.org\/index.php?rest_route=\/wp\/v2\/users\/1"}],"replies":[{"embeddable":true,"href":"https:\/\/atecordoba.org\/index.php?rest_route=%2Fwp%2Fv2%2Fcomments&post=7881"}],"version-history":[{"count":0,"href":"https:\/\/atecordoba.org\/index.php?rest_route=\/wp\/v2\/posts\/7881\/revisions"}],"wp:featuredmedia":[{"embeddable":true,"href":"https:\/\/atecordoba.org\/index.php?rest_route=\/wp\/v2\/media\/19220"}],"wp:attachment":[{"href":"https:\/\/atecordoba.org\/index.php?rest_route=%2Fwp%2Fv2%2Fmedia&parent=7881"}],"wp:term":[{"taxonomy":"category","embeddable":true,"href":"https:\/\/atecordoba.org\/index.php?rest_route=%2Fwp%2Fv2%2Fcategories&post=7881"},{"taxonomy":"post_tag","embeddable":true,"href":"https:\/\/atecordoba.org\/index.php?rest_route=%2Fwp%2Fv2%2Ftags&post=7881"}],"curies":[{"name":"wp","href":"https:\/\/api.w.org\/{rel}","templated":true}]}}