{"id":7875,"date":"2016-12-22T17:04:11","date_gmt":"2016-12-22T20:04:11","guid":{"rendered":"http:\/\/www.atecordoba.org\/?p=7875"},"modified":"2016-12-22T17:04:11","modified_gmt":"2016-12-22T20:04:11","slug":"tras-largo-conflicto-tres-trabajadores-fueron-reincorporados-en-el-ministerio-de-trabajo-de-la-nacion","status":"publish","type":"post","link":"https:\/\/atecordoba.org\/?p=7875","title":{"rendered":"Tras largo conflicto, tres trabajadores fueron reincorporados en el Ministerio de Trabajo de la Naci\u00f3n"},"content":{"rendered":"<p><em>Son compa\u00f1eros que resultaron cesanteados a principios de a\u00f1o en el marco del despido de 280 trabajadores del organismo en todo el pa\u00eds. Su reincorporaci\u00f3n fue resultado de la lucha y la fortaleza organizativa del sector.<\/em><\/p>\n<p><img loading=\"lazy\" decoding=\"async\" class=\"aligncenter size-full wp-image-7876\" src=\"http:\/\/www.atecordoba.org\/wp-content\/uploads\/2016\/12\/WhatsApp-Image-2016-12-22-at-14.21.43-1-e1482436783387.jpeg\" alt=\"whatsapp-image-2016-12-22-at-14-21-43-1\" width=\"550\" height=\"309\"><\/p>\n<p>El martes pasado se oficializ\u00f3 la reincorporaci\u00f3n de tres trabajadores de la delegaci\u00f3n local del Ministerio de Trabajo que fueron cesanteados el 31 de marzo, en el marco del brutal ajuste que el gobierno de Mauricio Macri aplic\u00f3 sobre el organismo, que implic\u00f3 a 280 compa\u00f1eros en todo el pa\u00eds.<\/p>\n<p>En C\u00f3rdoba la resistencia tom\u00f3 fuerza desde el comienzo del plan de lucha desplegado por ATE e instal\u00f3 el reclamo de la reincorporaci\u00f3n en las mismas condiciones laborales que los compa\u00f1eros ten\u00edan antes de sufrir el despido.<\/p>\n<p>De esta forma, solo resta reincorporar a una sola trabajadora que aun no pudo recuperar su lugar de trabajo, recuper\u00e1ndose as\u00ed el 75% de los puestos laborales que hab\u00edan sido eliminados por las autoridades de Trabajo. Ahora Cesar Theaux, Eduardo Massera y Jorge Chalup podr\u00e1n celebrar estas fiestas de fin de a\u00f1o con la tranquilidad de tener su trabajo asegurado.<\/p>\n<p>Adem\u00e1s, los compa\u00f1eros cobrar\u00e1n salarios ca\u00eddos con retroactividad al 1\u00ba de octubre, otro de los reclamos de ATE, y la patronal abonar\u00e1 todos los proporcionales correspondientes con los salarios a pagar el pr\u00f3ximo 31 de diciembre.<img loading=\"lazy\" decoding=\"async\" class=\"aligncenter size-full wp-image-7877\" src=\"http:\/\/www.atecordoba.org\/wp-content\/uploads\/2016\/12\/IMG-20160406-WA0057-e1482436947595.jpg\" alt=\"img-20160406-wa0057\" width=\"550\" height=\"309\"><\/p>\n<p>\u201cEl conflicto se inici\u00f3 a principios de a\u00f1o. Comenzamos con asambleas generales masivas, se profundiz\u00f3 a trav\u00e9s de asambleas por tiempo indeterminado, se realiz\u00f3 un paro nacional en mayo, con movilizaciones y cortes frente a la delegaci\u00f3n. Fueron 60 d\u00edas de conflicto que contaron con el apoyo en pleno del Consejo Directivo provincial, de los sectores estatales nacionales que se acercaron solidariamente a sostener la lucha, as\u00ed tambi\u00e9n como de diputados nacionales, legisladores provinciales, gremios como Judiciales, UOLra (ladrilleros) y Gr\u00e1ficos\u201d, detall\u00f3 el delegado de ATE en el sector, Ivan Hossly.<\/p>\n<p>El conflicto tambi\u00e9n asumi\u00f3 modalidades como intervenciones callejeras, la realizaci\u00f3n del \u2018muro de los despidos\u2019 que empapel\u00f3 los grandes ventanales del organismo y tuvo un impacto fuerte para la comunidad, volanteadas en los sem\u00e1foros y un locro solidario.<\/p>\n<p><img loading=\"lazy\" decoding=\"async\" class=\"aligncenter size-full wp-image-7878\" src=\"http:\/\/www.atecordoba.org\/wp-content\/uploads\/2016\/12\/IMG-20160406-WA0059-e1482436989762.jpg\" alt=\"img-20160406-wa0059\" width=\"550\" height=\"309\"><\/p>\n<p>En resumen, se trata de una victoria significativa, aunque parcial porque resta reincorporar aun a la compa\u00f1era Mar\u00eda Mar\u00eda L\u00f3pez, de la lucha en unidad de los trabajadores en pos de un objetivo claro: torcerle el brazo al gobierno y dar continuidad a los puestos de trabajo.<\/p>\n<p>En tal sentido, Hossly asegur\u00f3 que \u201cel apoyo gremial y social que tuvimos en este conflicto fue muy importante para lograr el objetivo, en el marco de la campa\u00f1a desarrollada por los trabajadores del Ministerio en todo el pa\u00eds \u2018Mi trabajo son tus derechos\u2019. Desde all\u00ed intentamos convocar en torno a una sola pelea a los distintos actores gremiales y sociales en la defensa del Estado\u201d.<\/p>\n<p><img loading=\"lazy\" decoding=\"async\" class=\"aligncenter size-full wp-image-7879\" src=\"http:\/\/www.atecordoba.org\/wp-content\/uploads\/2016\/12\/IMG-20160406-WA0048-e1482437016582.jpg\" alt=\"img-20160406-wa0048\" width=\"550\" height=\"309\"><\/p>\n<p>El delegado destac\u00f3 asimismo la fortaleza organizativa del sector de trabajo fue clave para sostener la pelea y el compromiso de cada compa\u00f1ero, que fue determinante para lograr la reincorporaci\u00f3n de los cesanteados.<\/p>\n","protected":false},"excerpt":{"rendered":"<p>Son compa\u00f1eros que resultaron cesanteados a principios de a\u00f1o en el marco del despido de 280 trabajadores del organismo en todo el pa\u00eds. Su reincorporaci\u00f3n fue resultado de la lucha y la fortaleza organizativa del sector. El martes pasado se oficializ\u00f3 la reincorporaci\u00f3n de tres trabajadores de la delegaci\u00f3n local del Ministerio de Trabajo que [&hellip;]<\/p>\n","protected":false},"author":1,"featured_media":19220,"comment_status":"open","ping_status":"open","sticky":false,"template":"","format":"standard","meta":{"_exactmetrics_skip_tracking":false,"_exactmetrics_sitenote_active":false,"_exactmetrics_sitenote_note":"","_exactmetrics_sitenote_category":0,"jnews-multi-image_gallery":[],"jnews_single_post":[],"jnews_primary_category":[],"jnews_social_meta":[],"jnews_review":[],"enable_review":"","type":"","name":"","summary":"","brand":"","sku":"","good":[],"bad":[],"score_override":"","override_value":"","rating":[],"price":[],"jnews_override_counter":[],"jnews_post_split":[],"footnotes":""},"categories":[107,18],"tags":[],"class_list":["post-7875","post","type-post","status-publish","format-standard","has-post-thumbnail","hentry","category-ministerio-de-trabajo","category-nacionales"],"jetpack_featured_media_url":"https:\/\/atecordoba.org\/wp-content\/uploads\/2020\/05\/logo-nuevochico-e1561581322808.png","_links":{"self":[{"href":"https:\/\/atecordoba.org\/index.php?rest_route=\/wp\/v2\/posts\/7875","targetHints":{"allow":["GET"]}}],"collection":[{"href":"https:\/\/atecordoba.org\/index.php?rest_route=\/wp\/v2\/posts"}],"about":[{"href":"https:\/\/atecordoba.org\/index.php?rest_route=\/wp\/v2\/types\/post"}],"author":[{"embeddable":true,"href":"https:\/\/atecordoba.org\/index.php?rest_route=\/wp\/v2\/users\/1"}],"replies":[{"embeddable":true,"href":"https:\/\/atecordoba.org\/index.php?rest_route=%2Fwp%2Fv2%2Fcomments&post=7875"}],"version-history":[{"count":0,"href":"https:\/\/atecordoba.org\/index.php?rest_route=\/wp\/v2\/posts\/7875\/revisions"}],"wp:featuredmedia":[{"embeddable":true,"href":"https:\/\/atecordoba.org\/index.php?rest_route=\/wp\/v2\/media\/19220"}],"wp:attachment":[{"href":"https:\/\/atecordoba.org\/index.php?rest_route=%2Fwp%2Fv2%2Fmedia&parent=7875"}],"wp:term":[{"taxonomy":"category","embeddable":true,"href":"https:\/\/atecordoba.org\/index.php?rest_route=%2Fwp%2Fv2%2Fcategories&post=7875"},{"taxonomy":"post_tag","embeddable":true,"href":"https:\/\/atecordoba.org\/index.php?rest_route=%2Fwp%2Fv2%2Ftags&post=7875"}],"curies":[{"name":"wp","href":"https:\/\/api.w.org\/{rel}","templated":true}]}}