{"id":7872,"date":"2016-12-22T15:53:53","date_gmt":"2016-12-22T18:53:53","guid":{"rendered":"http:\/\/www.atecordoba.org\/?p=7872"},"modified":"2016-12-22T15:53:53","modified_gmt":"2016-12-22T18:53:53","slug":"felices-fiestas-para-las-trabajadoras-y-los-trabajadores","status":"publish","type":"post","link":"https:\/\/atecordoba.org\/?p=7872","title":{"rendered":"Felices Fiestas para las trabajadoras y los trabajadores"},"content":{"rendered":"<p><em>El Consejo Directivo Provincial C\u00f3rdoba de ATE saluda a los trabajadores estatales nacionales provinciales y municipales al celebrarse las tradicionales fiestas de fin de a\u00f1o.<\/em><\/p>\n<p><img loading=\"lazy\" decoding=\"async\" class=\"aligncenter size-full wp-image-7873\" src=\"http:\/\/www.atecordoba.org\/wp-content\/uploads\/2016\/12\/bandera-ultima.jpg\" alt=\"bandera-ultima\" width=\"465\" height=\"336\"><\/p>\n<p>Son momentos para pasar en familia, disfrutar del merecido descanso y reflexionar sobre todo lo trascurrido este a\u00f1o. Un 2016 que encontr\u00f3 a nuestra organizaci\u00f3n con su conducci\u00f3n renovada y que comenz\u00f3 poniendo freno al ajuste ya en febrero, cuando se convocaron las primeras movilizaciones contra el ajuste y los despidos que impuls\u00f3 desde sus primeros d\u00edas de gobierno Mauricio Macri.<\/p>\n<p>De igual manera en la provincia de C\u00f3rdoba planteamos, dentro del \u00e1mbito de los estatales, que se ven\u00eda un a\u00f1o de ajuste y p\u00e9rdida del poder adquisitivo. La realidad super\u00f3 la predicci\u00f3n: con una inflaci\u00f3n que redondea el 43% y una pauta salarial que el propio gobierno de Schiaretti promocion\u00f3 en un 25%, es evidente que el golpe a los bolsillos de los trabajadores fue brutal.<\/p>\n<p>A esto hay que sumar tarifazos en los servicios, aumentos en el transporte al punto que en C\u00f3rdoba Capital pagamos el boleto de colectivo a $12.55, el m\u00e1s caro del pa\u00eds, impuestazos, en definitiva un cuadro muy duro para las familias de los trabajadores.<\/p>\n<p>En este marco, vale se\u00f1alar que ATE mantuvo las posturas correctas, sin arriar ninguna bandera, defendiendo a cada compa\u00f1ero para mantener los puestos de trabajo, logrando mitigar las cesant\u00edas con unidad y convicci\u00f3n en la lucha.<\/p>\n<p>Por eso es importante tener en cuenta que nuestra organizaci\u00f3n est\u00e1 fuerte y que la unidad es el fundamento principal para nunca claudicar en nuestros principios de justicia social, independencia econ\u00f3mica y soberan\u00eda pol\u00edtica, estandartes que ATE mantiene siempre en alto.<\/p>\n<p>Ese es el compromiso de ATE C\u00f3rdoba.<\/p>\n<p style=\"text-align: left;\">Felices Fiestas para las compa\u00f1eras y los compa\u00f1eros<\/p>\n<p style=\"text-align: right;\">Mar\u00eda Liliana Salerno<\/p>\n<p style=\"text-align: right;\">Secretaria General<\/p>\n","protected":false},"excerpt":{"rendered":"<p>El Consejo Directivo Provincial C\u00f3rdoba de ATE saluda a los trabajadores estatales nacionales provinciales y municipales al celebrarse las tradicionales fiestas de fin de a\u00f1o. Son momentos para pasar en familia, disfrutar del merecido descanso y reflexionar sobre todo lo trascurrido este a\u00f1o. Un 2016 que encontr\u00f3 a nuestra organizaci\u00f3n con su conducci\u00f3n renovada y [&hellip;]<\/p>\n","protected":false},"author":1,"featured_media":19220,"comment_status":"open","ping_status":"open","sticky":false,"template":"","format":"standard","meta":{"_exactmetrics_skip_tracking":false,"_exactmetrics_sitenote_active":false,"_exactmetrics_sitenote_note":"","_exactmetrics_sitenote_category":0,"jnews-multi-image_gallery":[],"jnews_single_post":[],"jnews_primary_category":[],"jnews_social_meta":[],"jnews_review":[],"enable_review":"","type":"","name":"","summary":"","brand":"","sku":"","good":[],"bad":[],"score_override":"","override_value":"","rating":[],"price":[],"jnews_override_counter":[],"jnews_post_split":[],"footnotes":""},"categories":[53],"tags":[],"class_list":["post-7872","post","type-post","status-publish","format-standard","has-post-thumbnail","hentry","category-comunicados-de-prensa"],"jetpack_featured_media_url":"https:\/\/atecordoba.org\/wp-content\/uploads\/2020\/05\/logo-nuevochico-e1561581322808.png","_links":{"self":[{"href":"https:\/\/atecordoba.org\/index.php?rest_route=\/wp\/v2\/posts\/7872","targetHints":{"allow":["GET"]}}],"collection":[{"href":"https:\/\/atecordoba.org\/index.php?rest_route=\/wp\/v2\/posts"}],"about":[{"href":"https:\/\/atecordoba.org\/index.php?rest_route=\/wp\/v2\/types\/post"}],"author":[{"embeddable":true,"href":"https:\/\/atecordoba.org\/index.php?rest_route=\/wp\/v2\/users\/1"}],"replies":[{"embeddable":true,"href":"https:\/\/atecordoba.org\/index.php?rest_route=%2Fwp%2Fv2%2Fcomments&post=7872"}],"version-history":[{"count":0,"href":"https:\/\/atecordoba.org\/index.php?rest_route=\/wp\/v2\/posts\/7872\/revisions"}],"wp:featuredmedia":[{"embeddable":true,"href":"https:\/\/atecordoba.org\/index.php?rest_route=\/wp\/v2\/media\/19220"}],"wp:attachment":[{"href":"https:\/\/atecordoba.org\/index.php?rest_route=%2Fwp%2Fv2%2Fmedia&parent=7872"}],"wp:term":[{"taxonomy":"category","embeddable":true,"href":"https:\/\/atecordoba.org\/index.php?rest_route=%2Fwp%2Fv2%2Fcategories&post=7872"},{"taxonomy":"post_tag","embeddable":true,"href":"https:\/\/atecordoba.org\/index.php?rest_route=%2Fwp%2Fv2%2Ftags&post=7872"}],"curies":[{"name":"wp","href":"https:\/\/api.w.org\/{rel}","templated":true}]}}