{"id":7867,"date":"2016-12-21T17:19:28","date_gmt":"2016-12-21T20:19:28","guid":{"rendered":"http:\/\/www.atecordoba.org\/?p=7867"},"modified":"2016-12-21T17:19:28","modified_gmt":"2016-12-21T20:19:28","slug":"repudio-a-la-represion-en-jujuy","status":"publish","type":"post","link":"https:\/\/atecordoba.org\/?p=7867","title":{"rendered":"Repudio a la represi\u00f3n en Jujuy"},"content":{"rendered":"<p><em>El Consejo Directivo Provincial (CDP) de ATE C\u00f3rdoba expresa su repudio ante la represi\u00f3n que fueron v\u00edctimas hoy quienes acompa\u00f1an a la dirigente social Milagro Sala en el juicio que se realiza en Jujuy.<\/em><\/p>\n<p><img loading=\"lazy\" decoding=\"async\" class=\"aligncenter size-full wp-image-7124\" src=\"http:\/\/www.atecordoba.org\/wp-content\/uploads\/2016\/07\/logo-ate-cordoba-verde-e1469570103616.jpg\" alt=\"logo ate cordoba verde\" width=\"250\" height=\"294\"><\/p>\n<p>Este CDP rechaza la criminalizaci\u00f3n de la protesta, causa inicial que deriv\u00f3 en la detenci\u00f3n de Sala y fin \u00faltimo de los procesos judiciales en marcha, e insta a las autoridades a respetar el estado de derecho y la garant\u00eda de los derechos que asisten a la dirigente social enjuiciada.<\/p>\n<p>Mar\u00eda Liliana Salerno<\/p>\n<p>Secretaria General<\/p>\n<p>&nbsp;<\/p>\n","protected":false},"excerpt":{"rendered":"<p>El Consejo Directivo Provincial (CDP) de ATE C\u00f3rdoba expresa su repudio ante la represi\u00f3n que fueron v\u00edctimas hoy quienes acompa\u00f1an a la dirigente social Milagro Sala en el juicio que se realiza en Jujuy. Este CDP rechaza la criminalizaci\u00f3n de la protesta, causa inicial que deriv\u00f3 en la detenci\u00f3n de Sala y fin \u00faltimo de [&hellip;]<\/p>\n","protected":false},"author":1,"featured_media":19220,"comment_status":"open","ping_status":"open","sticky":false,"template":"","format":"standard","meta":{"_exactmetrics_skip_tracking":false,"_exactmetrics_sitenote_active":false,"_exactmetrics_sitenote_note":"","_exactmetrics_sitenote_category":0,"jnews-multi-image_gallery":[],"jnews_single_post":[],"jnews_primary_category":[],"jnews_social_meta":[],"jnews_review":[],"enable_review":"","type":"","name":"","summary":"","brand":"","sku":"","good":[],"bad":[],"score_override":"","override_value":"","rating":[],"price":[],"jnews_override_counter":[],"jnews_post_split":[],"footnotes":""},"categories":[10],"tags":[],"class_list":["post-7867","post","type-post","status-publish","format-standard","has-post-thumbnail","hentry","category-accion-politica"],"jetpack_featured_media_url":"https:\/\/atecordoba.org\/wp-content\/uploads\/2020\/05\/logo-nuevochico-e1561581322808.png","_links":{"self":[{"href":"https:\/\/atecordoba.org\/index.php?rest_route=\/wp\/v2\/posts\/7867","targetHints":{"allow":["GET"]}}],"collection":[{"href":"https:\/\/atecordoba.org\/index.php?rest_route=\/wp\/v2\/posts"}],"about":[{"href":"https:\/\/atecordoba.org\/index.php?rest_route=\/wp\/v2\/types\/post"}],"author":[{"embeddable":true,"href":"https:\/\/atecordoba.org\/index.php?rest_route=\/wp\/v2\/users\/1"}],"replies":[{"embeddable":true,"href":"https:\/\/atecordoba.org\/index.php?rest_route=%2Fwp%2Fv2%2Fcomments&post=7867"}],"version-history":[{"count":0,"href":"https:\/\/atecordoba.org\/index.php?rest_route=\/wp\/v2\/posts\/7867\/revisions"}],"wp:featuredmedia":[{"embeddable":true,"href":"https:\/\/atecordoba.org\/index.php?rest_route=\/wp\/v2\/media\/19220"}],"wp:attachment":[{"href":"https:\/\/atecordoba.org\/index.php?rest_route=%2Fwp%2Fv2%2Fmedia&parent=7867"}],"wp:term":[{"taxonomy":"category","embeddable":true,"href":"https:\/\/atecordoba.org\/index.php?rest_route=%2Fwp%2Fv2%2Fcategories&post=7867"},{"taxonomy":"post_tag","embeddable":true,"href":"https:\/\/atecordoba.org\/index.php?rest_route=%2Fwp%2Fv2%2Ftags&post=7867"}],"curies":[{"name":"wp","href":"https:\/\/api.w.org\/{rel}","templated":true}]}}