{"id":7863,"date":"2016-12-21T17:04:36","date_gmt":"2016-12-21T20:04:36","guid":{"rendered":"http:\/\/www.atecordoba.org\/?p=7863"},"modified":"2016-12-21T17:04:36","modified_gmt":"2016-12-21T20:04:36","slug":"ate-conicet-se-manifestara-manana-contra-el-ajuste-frente-al-patio-olmos","status":"publish","type":"post","link":"https:\/\/atecordoba.org\/?p=7863","title":{"rendered":"ATE Conicet se manifestar\u00e1 ma\u00f1ana contra el ajuste frente al Patio Olmos"},"content":{"rendered":"<p><em>La protesta se realizar\u00e1 en consonancia con las medidas de fuerza que los trabajadores del complejo cient\u00edfico estatal se encuentran realizando en todo el pa\u00eds en rechazo al ajuste presupuestario que Macri impuso sobre el Conicet para el 2017.<\/em><\/p>\n<p><img loading=\"lazy\" decoding=\"async\" class=\"aligncenter size-full wp-image-7864\" src=\"http:\/\/www.atecordoba.org\/wp-content\/uploads\/2016\/12\/toma2-1-e1482349730433.jpg\" alt=\"toma2-1\" width=\"550\" height=\"309\"><\/p>\n<p>El conflicto se desat\u00f3 cuando se supo que el gobierno nacional determin\u00f3 achicar la cantidad de ingresantes al sistema de becas que el Conicet dispone anualmente y que seg\u00fan el plan 2020, desarrollado por el actual &nbsp;ministro de Ciencia y Tecnolog\u00eda Lino Bara\u00f1ao en el 2013 durante la gesti\u00f3n anterior, debe incrementarse un 10% cada a\u00f1o.<\/p>\n<p>El viernes 16&nbsp;de diciembre el Conicet notific\u00f3 que, de los 874 cient\u00edficos aprobados para ingresar como &nbsp;trabajadores de planta, s\u00f3lo 385 quedar\u00e1n efectivos, en tanto los 489 restantes quedaron sin trabajo. Se produjeron tomas de edificios del organismos en distintos puntos de pa\u00eds, impulsados por ATE junto a otros gremios y organizaciones que agrupan a cient\u00edficos y estudiantes.<\/p>\n<p>En C\u00f3rdoba la protesta incluy\u00f3 la toma pac\u00edfica el lunes pasado del edificio cito en calle Buenos Aires al 1000 -sede central de Conicet- durante toda la tarde, levantando la toma cuando las autoridades locales se comprometieron llevar los reclamos ante las autoridades nacionales.<\/p>\n<p>Para ma\u00f1ana est\u00e1 prevista una manifestaci\u00f3n frente al Patio Olmos, en la Fuente del Perd\u00f3n, donde los trabajadores&nbsp;exigir\u00e1n la incorporaci\u00f3n al sistema cient\u00edfico nacional los 500 compa\u00f1eros y compa\u00f1eras investigadores e investigadoras que han sido dejados afuera de la Carrera de Investigador Cient\u00edfico, a pesar de haber aprobado exitosamente su concurso de evaluaci\u00f3n.<\/p>\n<p>&#8220;Nos manifestaremos lavando platos en la fuente del Perd\u00f3n, aludiendo de esta manera nuestra intenci\u00f3n de resistir al desguace del sistema cient\u00edfico tecnol\u00f3gico argentino y rememorando la infelizmente c\u00e9lebre frase del ex ministro de econom\u00eda&nbsp;Domingo&nbsp;Cavallo cuando mand\u00f3 a los cient\u00edficos que exig\u00edan mayor presupuesto a &#8216;lavar los platos'&#8221;, explic\u00f3 Lucia Caisso, delegada de ATE-Conicet.<\/p>\n<p>En apoyo a la medida est\u00e1n convocados&nbsp;todos los compa\u00f1eros y las compa\u00f1eras estatales para acompa\u00f1ar en esta nueva jornada de lucha, a partir de las 11 horas.&nbsp;<\/p>\n<p>&nbsp;<\/p>\n","protected":false},"excerpt":{"rendered":"<p>La protesta se realizar\u00e1 en consonancia con las medidas de fuerza que los trabajadores del complejo cient\u00edfico estatal se encuentran realizando en todo el pa\u00eds en rechazo al ajuste presupuestario que Macri impuso sobre el Conicet para el 2017. El conflicto se desat\u00f3 cuando se supo que el gobierno nacional determin\u00f3 achicar la cantidad de [&hellip;]<\/p>\n","protected":false},"author":1,"featured_media":19220,"comment_status":"open","ping_status":"open","sticky":false,"template":"","format":"standard","meta":{"_exactmetrics_skip_tracking":false,"_exactmetrics_sitenote_active":false,"_exactmetrics_sitenote_note":"","_exactmetrics_sitenote_category":0,"jnews-multi-image_gallery":[],"jnews_single_post":[],"jnews_primary_category":[],"jnews_social_meta":[],"jnews_review":[],"enable_review":"","type":"","name":"","summary":"","brand":"","sku":"","good":[],"bad":[],"score_override":"","override_value":"","rating":[],"price":[],"jnews_override_counter":[],"jnews_post_split":[],"footnotes":""},"categories":[105,89],"tags":[133],"class_list":["post-7863","post","type-post","status-publish","format-standard","has-post-thumbnail","hentry","category-conicet","category-unc","tag-conicet-cientificos-argentinos-ajuste"],"jetpack_featured_media_url":"https:\/\/atecordoba.org\/wp-content\/uploads\/2020\/05\/logo-nuevochico-e1561581322808.png","_links":{"self":[{"href":"https:\/\/atecordoba.org\/index.php?rest_route=\/wp\/v2\/posts\/7863","targetHints":{"allow":["GET"]}}],"collection":[{"href":"https:\/\/atecordoba.org\/index.php?rest_route=\/wp\/v2\/posts"}],"about":[{"href":"https:\/\/atecordoba.org\/index.php?rest_route=\/wp\/v2\/types\/post"}],"author":[{"embeddable":true,"href":"https:\/\/atecordoba.org\/index.php?rest_route=\/wp\/v2\/users\/1"}],"replies":[{"embeddable":true,"href":"https:\/\/atecordoba.org\/index.php?rest_route=%2Fwp%2Fv2%2Fcomments&post=7863"}],"version-history":[{"count":0,"href":"https:\/\/atecordoba.org\/index.php?rest_route=\/wp\/v2\/posts\/7863\/revisions"}],"wp:featuredmedia":[{"embeddable":true,"href":"https:\/\/atecordoba.org\/index.php?rest_route=\/wp\/v2\/media\/19220"}],"wp:attachment":[{"href":"https:\/\/atecordoba.org\/index.php?rest_route=%2Fwp%2Fv2%2Fmedia&parent=7863"}],"wp:term":[{"taxonomy":"category","embeddable":true,"href":"https:\/\/atecordoba.org\/index.php?rest_route=%2Fwp%2Fv2%2Fcategories&post=7863"},{"taxonomy":"post_tag","embeddable":true,"href":"https:\/\/atecordoba.org\/index.php?rest_route=%2Fwp%2Fv2%2Ftags&post=7863"}],"curies":[{"name":"wp","href":"https:\/\/api.w.org\/{rel}","templated":true}]}}