{"id":7858,"date":"2016-12-20T14:03:24","date_gmt":"2016-12-20T17:03:24","guid":{"rendered":"http:\/\/www.atecordoba.org\/?p=7858"},"modified":"2020-07-02T11:37:38","modified_gmt":"2020-07-02T14:37:38","slug":"bomberos-del-aeropuerto-cordoba-votaron-delegados-de-ate","status":"publish","type":"post","link":"https:\/\/atecordoba.org\/?p=7858","title":{"rendered":"Bomberos del Aeropuerto C\u00f3rdoba votaron delegados de ATE"},"content":{"rendered":"<p><em>La elecci\u00f3n se realiz\u00f3 el 5 de diciembre pasado con amplia participaci\u00f3n de los compa\u00f1eros del Servicio de Salvamento y Extinci\u00f3n de Incendios (SEI) del aeropuerto.<\/em><\/p>\n<p><img loading=\"lazy\" decoding=\"async\" class=\"aligncenter size-full wp-image-7859\" src=\"http:\/\/www.atecordoba.org\/wp-content\/uploads\/2016\/12\/WhatsApp-Image-2016-12-19-at-14.17.58-e1482253283804.jpeg\" alt=\"whatsapp-image-2016-12-19-at-14-17-58\" width=\"550\" height=\"309\"><\/p>\n<p>Como resultado de la elecci\u00f3n result\u00f3 electo delegado el compa\u00f1ero Alexis Vera. De esta forma ATE fortalece su estructura organizativa en el aeropuerto C\u00f3rdoba, creciendo en organizaci\u00f3n dentro del sector, junto a la coordinaci\u00f3n nacional ATE Anac y la junta interna ATE Anac a los efectos de profundizar una Anac fuerte y Federa.<\/p>\n<p><img loading=\"lazy\" decoding=\"async\" class=\"aligncenter size-full wp-image-7860\" src=\"http:\/\/www.atecordoba.org\/wp-content\/uploads\/2016\/12\/WhatsApp-Image-2016-12-19-at-14.17.57-2.jpeg\" alt=\"whatsapp-image-2016-12-19-at-14-17-57-2\" width=\"326\" height=\"411\"><\/p>\n<p>En la agenda reivindicativa del sector se destaca el reclamo por la incorporaci\u00f3n de Anac al decreto 214\/06, el convenio colectivo de trabajo sectorial, el plan de carreras, pase a planta permanente del personal contratado y reencasillamientos acordados, entre otros puntos.<\/p>\n<p><strong>Asamblea<\/strong><\/p>\n<p>El viernes pasado se llev\u00f3 a cabo una asamblea en el servicio SEI del aeropuerto C\u00f3rdoba. En la ocasi\u00f3n los trabajadores se plantearon los objetivos para el a\u00f1o 2017 respecto al plan de carrera, el proyecto de capacitaci\u00f3n para el sector, el CCT, la inserci\u00f3n en el decreto 214, la unificaci\u00f3n de los servicios auxiliares en cuanto a la actividad gremial, el bono de fin de a\u00f1o, el cronograma de pago bono, el racionamiento, el aguinaldo y la importancia de crear normas m\u00e1s espec\u00edficas para la actividad del SEI. &nbsp;&nbsp;<\/p>\n<p><img loading=\"lazy\" decoding=\"async\" class=\"aligncenter size-full wp-image-7861\" src=\"http:\/\/www.atecordoba.org\/wp-content\/uploads\/2016\/12\/WhatsApp-Image-2016-12-19-at-14.17.57-e1482253347536.jpeg\" alt=\"whatsapp-image-2016-12-19-at-14-17-57\" width=\"550\" height=\"309\"><\/p>\n","protected":false},"excerpt":{"rendered":"<p>La elecci\u00f3n se realiz\u00f3 el 5 de diciembre pasado con amplia participaci\u00f3n de los compa\u00f1eros del Servicio de Salvamento y Extinci\u00f3n de Incendios (SEI) del aeropuerto. Como resultado de la elecci\u00f3n result\u00f3 electo delegado el compa\u00f1ero Alexis Vera. De esta forma ATE fortalece su estructura organizativa en el aeropuerto C\u00f3rdoba, creciendo en organizaci\u00f3n dentro del [&hellip;]<\/p>\n","protected":false},"author":1,"featured_media":19220,"comment_status":"open","ping_status":"open","sticky":false,"template":"","format":"standard","meta":{"_exactmetrics_skip_tracking":false,"_exactmetrics_sitenote_active":false,"_exactmetrics_sitenote_note":"","_exactmetrics_sitenote_category":0,"jnews-multi-image_gallery":[],"jnews_single_post":[],"jnews_primary_category":[],"jnews_social_meta":[],"jnews_review":[],"enable_review":"","type":"","name":"","summary":"","brand":"","sku":"","good":[],"bad":[],"score_override":"","override_value":"","rating":[],"price":[],"jnews_override_counter":[],"jnews_post_split":[],"footnotes":""},"categories":[18],"tags":[33,347],"class_list":["post-7858","post","type-post","status-publish","format-standard","has-post-thumbnail","hentry","category-nacionales","tag-anac","tag-movimiento-aeronautico-cordobes-mac"],"jetpack_featured_media_url":"https:\/\/atecordoba.org\/wp-content\/uploads\/2020\/05\/logo-nuevochico-e1561581322808.png","_links":{"self":[{"href":"https:\/\/atecordoba.org\/index.php?rest_route=\/wp\/v2\/posts\/7858","targetHints":{"allow":["GET"]}}],"collection":[{"href":"https:\/\/atecordoba.org\/index.php?rest_route=\/wp\/v2\/posts"}],"about":[{"href":"https:\/\/atecordoba.org\/index.php?rest_route=\/wp\/v2\/types\/post"}],"author":[{"embeddable":true,"href":"https:\/\/atecordoba.org\/index.php?rest_route=\/wp\/v2\/users\/1"}],"replies":[{"embeddable":true,"href":"https:\/\/atecordoba.org\/index.php?rest_route=%2Fwp%2Fv2%2Fcomments&post=7858"}],"version-history":[{"count":1,"href":"https:\/\/atecordoba.org\/index.php?rest_route=\/wp\/v2\/posts\/7858\/revisions"}],"predecessor-version":[{"id":20556,"href":"https:\/\/atecordoba.org\/index.php?rest_route=\/wp\/v2\/posts\/7858\/revisions\/20556"}],"wp:featuredmedia":[{"embeddable":true,"href":"https:\/\/atecordoba.org\/index.php?rest_route=\/wp\/v2\/media\/19220"}],"wp:attachment":[{"href":"https:\/\/atecordoba.org\/index.php?rest_route=%2Fwp%2Fv2%2Fmedia&parent=7858"}],"wp:term":[{"taxonomy":"category","embeddable":true,"href":"https:\/\/atecordoba.org\/index.php?rest_route=%2Fwp%2Fv2%2Fcategories&post=7858"},{"taxonomy":"post_tag","embeddable":true,"href":"https:\/\/atecordoba.org\/index.php?rest_route=%2Fwp%2Fv2%2Ftags&post=7858"}],"curies":[{"name":"wp","href":"https:\/\/api.w.org\/{rel}","templated":true}]}}