{"id":7850,"date":"2016-12-16T17:02:10","date_gmt":"2016-12-16T20:02:10","guid":{"rendered":"http:\/\/www.atecordoba.org\/?p=7850"},"modified":"2016-12-16T17:02:10","modified_gmt":"2016-12-16T20:02:10","slug":"a-15-anos-de-del-19-y-20-de-diciembre-ate-se-moviliza-a-plaza-de-mayo","status":"publish","type":"post","link":"https:\/\/atecordoba.org\/?p=7850","title":{"rendered":"A 15 a\u00f1os de del 19 y 20 de diciembre ATE se moviliza a Plaza de Mayo"},"content":{"rendered":"<p><em>El pr\u00f3ximo lunes ATE marcha junto a la CTA y varias organizaciones sociales marcha para mantener presente en la memoria&nbsp;la rebeli\u00f3n popular.<\/em>&nbsp;<\/p>\n<p><img loading=\"lazy\" decoding=\"async\" class=\"aligncenter size-full wp-image-7851\" src=\"http:\/\/www.atecordoba.org\/wp-content\/uploads\/2016\/12\/19-y-20-recortada-e1481918483977.png\" alt=\"19-y-20-recortada\" width=\"550\" height=\"578\"><\/p>\n<p>Al&nbsp;conmemorarse 15 a\u00f1os de la rebeli\u00f3n popular llevada a cabo el 19 y 20 de diciembre de 2001, ATE marchar\u00e1 junto a la CTA y dem\u00e1s organizaciones sociales en homenaje a los 38 m\u00e1rtires asesinados.<\/p>\n<p><span style=\"font-style: inherit; font-weight: inherit;\">La protesta est\u00e1 enmarcada en el reclamo de justicia y condena a los responsables materiales y pol\u00edticos. Adem\u00e1s de respaldar todas las luchas que se siguen levando a cabo en las diferentes provincias, la inmediata libertad de todos los presos pol\u00edticos y el cese de todos los procesos a los luchadores populares.<\/span><\/p>\n<p><span style=\"font-style: inherit; font-weight: inherit;\">El Consejo Directivo Provincial adhiere a la convocatoria&nbsp;que marc\u00f3 un punto de inflexi\u00f3n en la lucha popular.&nbsp;<\/span><\/p>\n","protected":false},"excerpt":{"rendered":"<p>El pr\u00f3ximo lunes ATE marcha junto a la CTA y varias organizaciones sociales marcha para mantener presente en la memoria&nbsp;la rebeli\u00f3n popular.&nbsp; Al&nbsp;conmemorarse 15 a\u00f1os de la rebeli\u00f3n popular llevada a cabo el 19 y 20 de diciembre de 2001, ATE marchar\u00e1 junto a la CTA y dem\u00e1s organizaciones sociales en homenaje a los 38 [&hellip;]<\/p>\n","protected":false},"author":1,"featured_media":19220,"comment_status":"open","ping_status":"open","sticky":false,"template":"","format":"standard","meta":{"_exactmetrics_skip_tracking":false,"_exactmetrics_sitenote_active":false,"_exactmetrics_sitenote_note":"","_exactmetrics_sitenote_category":0,"jnews-multi-image_gallery":[],"jnews_single_post":[],"jnews_primary_category":[],"jnews_social_meta":[],"jnews_review":[],"enable_review":"","type":"","name":"","summary":"","brand":"","sku":"","good":[],"bad":[],"score_override":"","override_value":"","rating":[],"price":[],"jnews_override_counter":[],"jnews_post_split":[],"footnotes":""},"categories":[10],"tags":[],"class_list":["post-7850","post","type-post","status-publish","format-standard","has-post-thumbnail","hentry","category-accion-politica"],"jetpack_featured_media_url":"https:\/\/atecordoba.org\/wp-content\/uploads\/2020\/05\/logo-nuevochico-e1561581322808.png","_links":{"self":[{"href":"https:\/\/atecordoba.org\/index.php?rest_route=\/wp\/v2\/posts\/7850","targetHints":{"allow":["GET"]}}],"collection":[{"href":"https:\/\/atecordoba.org\/index.php?rest_route=\/wp\/v2\/posts"}],"about":[{"href":"https:\/\/atecordoba.org\/index.php?rest_route=\/wp\/v2\/types\/post"}],"author":[{"embeddable":true,"href":"https:\/\/atecordoba.org\/index.php?rest_route=\/wp\/v2\/users\/1"}],"replies":[{"embeddable":true,"href":"https:\/\/atecordoba.org\/index.php?rest_route=%2Fwp%2Fv2%2Fcomments&post=7850"}],"version-history":[{"count":0,"href":"https:\/\/atecordoba.org\/index.php?rest_route=\/wp\/v2\/posts\/7850\/revisions"}],"wp:featuredmedia":[{"embeddable":true,"href":"https:\/\/atecordoba.org\/index.php?rest_route=\/wp\/v2\/media\/19220"}],"wp:attachment":[{"href":"https:\/\/atecordoba.org\/index.php?rest_route=%2Fwp%2Fv2%2Fmedia&parent=7850"}],"wp:term":[{"taxonomy":"category","embeddable":true,"href":"https:\/\/atecordoba.org\/index.php?rest_route=%2Fwp%2Fv2%2Fcategories&post=7850"},{"taxonomy":"post_tag","embeddable":true,"href":"https:\/\/atecordoba.org\/index.php?rest_route=%2Fwp%2Fv2%2Ftags&post=7850"}],"curies":[{"name":"wp","href":"https:\/\/api.w.org\/{rel}","templated":true}]}}