{"id":7844,"date":"2016-12-15T19:46:05","date_gmt":"2016-12-15T22:46:05","guid":{"rendered":"http:\/\/www.atecordoba.org\/?p=7844"},"modified":"2016-12-15T19:46:05","modified_gmt":"2016-12-15T22:46:05","slug":"centros-de-jubilados-se-movilizaron-a-la-legislatura-en-defensa-de-la-caja","status":"publish","type":"post","link":"https:\/\/atecordoba.org\/?p=7844","title":{"rendered":"Centros de Jubilados se movilizaron a la Legislatura en defensa de la Caja"},"content":{"rendered":"<p><em>El Centro de Jubilados de ATE Provincia de C\u00f3rdoba se moviliz\u00f3 ayer a la Legislatura junto a otros centros y organizaciones de jubilados en rechazo de la armonizaci\u00f3n que viene implementando el gobierno de schiaretti con el sistema previsional nacional.&nbsp;<\/em><\/p>\n<p><img loading=\"lazy\" decoding=\"async\" class=\"aligncenter size-full wp-image-7846\" src=\"http:\/\/www.atecordoba.org\/wp-content\/uploads\/2016\/12\/recortada-jubilados-e1481841267706.png\" alt=\"recortada-jubilados\" width=\"550\" height=\"277\"><\/p>\n<p>&nbsp;<\/p>\n<p>La&nbsp;concentraci\u00f3n se reasliz\u00f3 ayer a las 11 horas, juntos a otros centros de jubilados tambien convocantes, frente a la Caja De Jubilaciones Pensiones y Retiros de C\u00f3rdoba para rechazar la armonizacion y transferencia previsional provincial a la Naci\u00f3n, como lo indica la Ley De Reparaci\u00f3n Hist\u00f3rica.&nbsp;<br \/>\n&#8220;Exigimos previsi\u00f3n social cordobesa normalizada como lo establece a Constitucion de la provincia en sus&nbsp;art\u00edculos 55 y 57&#8221;, afirm\u00f3 durante la movilizaci\u00f3n el integrante de la conducci\u00f3n nacional del Centro de Jubilados de ATE, Oscar Cacho Mengarelli.<\/p>\n<p>Los jubilados reclamaron que la Caja debe mantenerse aut\u00f3noma y administrada por sus leg\u00edtimos due\u00f1os: los trabajadores activos, jubilados y Estado provincial, toda vez que se mantiene intervenida hace m\u00e1s de una d\u00e9cada, proceso durante el cual sufri\u00f3 el m\u00e1s fuerte vaciameinto de su historia.<\/p>\n<p><img loading=\"lazy\" decoding=\"async\" class=\"aligncenter size-full wp-image-7847\" src=\"http:\/\/www.atecordoba.org\/wp-content\/uploads\/2016\/12\/cacho-e1481841310406.jpg\" alt=\"cacho\" width=\"550\" height=\"413\"><\/p>\n<p>En tal sentido, Mengarelli dijo que &#8220;proponemos la derogaci\u00f3n de la Ley 10333 volver a la Ley 8024, y a la irreductibilidad y proporcionalidad jubilatoria.82% m\u00f3vil real. Atentos a los intereses de los jubilados nacionales, tambi\u00e9n rechazamos La Ley Reparaci\u00f3n Hist\u00f3rica y exigimos un instituto de previsi\u00f3n nacional,adem\u00e1s de elevar los aportes patronales a valores hist\u00f3ricos, impuestos al juego para financiar el 82% m\u00f3vil, la normalizaci\u00f3n del PAMI con participaci\u00f3n de los trabajadores activos y jubilados, as\u00ed como pol\u00edticas de fortalecimiento de la seguridad Social&#8221;.<\/p>\n","protected":false},"excerpt":{"rendered":"<p>El Centro de Jubilados de ATE Provincia de C\u00f3rdoba se moviliz\u00f3 ayer a la Legislatura junto a otros centros y organizaciones de jubilados en rechazo de la armonizaci\u00f3n que viene implementando el gobierno de schiaretti con el sistema previsional nacional.&nbsp; &nbsp; La&nbsp;concentraci\u00f3n se reasliz\u00f3 ayer a las 11 horas, juntos a otros centros de jubilados [&hellip;]<\/p>\n","protected":false},"author":1,"featured_media":19220,"comment_status":"open","ping_status":"open","sticky":false,"template":"","format":"standard","meta":{"_exactmetrics_skip_tracking":false,"_exactmetrics_sitenote_active":false,"_exactmetrics_sitenote_note":"","_exactmetrics_sitenote_category":0,"jnews-multi-image_gallery":[],"jnews_single_post":[],"jnews_primary_category":[],"jnews_social_meta":[],"jnews_review":[],"enable_review":"","type":"","name":"","summary":"","brand":"","sku":"","good":[],"bad":[],"score_override":"","override_value":"","rating":[],"price":[],"jnews_override_counter":[],"jnews_post_split":[],"footnotes":""},"categories":[22],"tags":[],"class_list":["post-7844","post","type-post","status-publish","format-standard","has-post-thumbnail","hentry","category-jubilados"],"jetpack_featured_media_url":"https:\/\/atecordoba.org\/wp-content\/uploads\/2020\/05\/logo-nuevochico-e1561581322808.png","_links":{"self":[{"href":"https:\/\/atecordoba.org\/index.php?rest_route=\/wp\/v2\/posts\/7844","targetHints":{"allow":["GET"]}}],"collection":[{"href":"https:\/\/atecordoba.org\/index.php?rest_route=\/wp\/v2\/posts"}],"about":[{"href":"https:\/\/atecordoba.org\/index.php?rest_route=\/wp\/v2\/types\/post"}],"author":[{"embeddable":true,"href":"https:\/\/atecordoba.org\/index.php?rest_route=\/wp\/v2\/users\/1"}],"replies":[{"embeddable":true,"href":"https:\/\/atecordoba.org\/index.php?rest_route=%2Fwp%2Fv2%2Fcomments&post=7844"}],"version-history":[{"count":0,"href":"https:\/\/atecordoba.org\/index.php?rest_route=\/wp\/v2\/posts\/7844\/revisions"}],"wp:featuredmedia":[{"embeddable":true,"href":"https:\/\/atecordoba.org\/index.php?rest_route=\/wp\/v2\/media\/19220"}],"wp:attachment":[{"href":"https:\/\/atecordoba.org\/index.php?rest_route=%2Fwp%2Fv2%2Fmedia&parent=7844"}],"wp:term":[{"taxonomy":"category","embeddable":true,"href":"https:\/\/atecordoba.org\/index.php?rest_route=%2Fwp%2Fv2%2Fcategories&post=7844"},{"taxonomy":"post_tag","embeddable":true,"href":"https:\/\/atecordoba.org\/index.php?rest_route=%2Fwp%2Fv2%2Ftags&post=7844"}],"curies":[{"name":"wp","href":"https:\/\/api.w.org\/{rel}","templated":true}]}}