{"id":7832,"date":"2016-12-15T18:59:22","date_gmt":"2016-12-15T21:59:22","guid":{"rendered":"http:\/\/www.atecordoba.org\/?p=7832"},"modified":"2016-12-15T18:59:22","modified_gmt":"2016-12-15T21:59:22","slug":"noalacus-idep-salud-desarrollo-hoy-un-taller-en-el-cdp","status":"publish","type":"post","link":"https:\/\/atecordoba.org\/?p=7832","title":{"rendered":"#NoalaCUS: Idep-Salud desarroll\u00f3 hoy un taller en el CDP"},"content":{"rendered":"<p>&nbsp;<\/p>\n<p><em>Con la presencia del coordinador de Idep SAlud del Consejo Directivo Nacional,&nbsp;Daniel Godoy, &nbsp;la participaci\u00f3n de la integrante de CTA Salta ,Alicia Torres, y el secretario de Formaci\u00f3n del CDP, Jos\u00e9 Gorozo&nbsp;se realiz\u00f3 la presentaci\u00f3n del programa nacional NO A LA CUS. Un avance hacia preservar el derecho a la salud p\u00fablica.<\/em><\/p>\n<p><img loading=\"lazy\" decoding=\"async\" class=\"aligncenter size-full wp-image-7841\" src=\"http:\/\/www.atecordoba.org\/wp-content\/uploads\/2016\/12\/recortada-e1481838442112.png\" alt=\"recortada\" width=\"550\" height=\"190\"><\/p>\n<p>&nbsp;<\/p>\n<p>La actividad cont\u00f3 con la presencia de numerosos compa\u00f1eros que se acercaron a la sede del CDP de C\u00f3rdoba Capital, Villa Mar\u00eda, R\u00edo Tercero, Unquillo, Quilino, Cruz del Eje y San Carlos Minas.<\/p>\n<p>Daniel Godoy, coordinador del Instituto de Estudios sobre el Estado&nbsp; y la Participaci\u00f3n (IDEP), en el \u00e1rea Salud, explic\u00f3 que la&nbsp;Cobertura Universal de Salud (CUS) tiene el rechazo de ATE desde un primer momento ya que el fundamento de que la necesidad de \u201casegurar\u201d a un conjunto de personas que \u201cno tienen asegurado\u201d el Derecho a la atenci\u00f3n sanitaria es la primera falacia desde donde se pretende montar la argumentaci\u00f3n para la implementaci\u00f3n de la CUS.<\/p>\n<p><span style=\"font-style: inherit; font-weight: inherit;\">&#8220;En la Argentina, el acceso a la salud es formal y legalmente Universal y Gratuito consagrado por la propia Constituci\u00f3n Nacional sancionada en 1994:&nbsp;en su art\u00edculo 75, inciso 22, aprueba la inclusi\u00f3n con rango constitucional de tratados internacionales, entre ellos la \u201cDeclaraci\u00f3n Universal de Derechos Humanos\u201d que en su art\u00edculo 25 expresamente indica: \u201cToda persona tiene derecho a un nivel de vida adecuado que le asegure, as\u00ed como a su familia, la salud y el bienestar, y en especial la alimentaci\u00f3n, el vestido, la vivienda, la asistencia m\u00e9dica y los servicios sociales necesarios; tiene asimismo derecho a los seguros en caso de desempleo, enfermedad, invalidez, viudez, vejez u otros casos de p\u00e9rdida de sus medios de subsistencia por circunstancias independientes de su voluntad\u201d&#8221;, dijo Godoy.<\/span><\/p>\n<p><img loading=\"lazy\" decoding=\"async\" class=\"aligncenter size-full wp-image-7839\" src=\"http:\/\/www.atecordoba.org\/wp-content\/uploads\/2016\/12\/WhatsApp-Image-2016-12-15-at-17.05.20-1-e1481838195729.jpeg\" alt=\"whatsapp-image-2016-12-15-at-17-05-20-1\" width=\"550\" height=\"309\"><\/p>\n<p>Y avanz\u00f3 se\u00f1alando que&nbsp;detr\u00e1s de los dichos que anuncian una iniciativa bienintencionada, se esconden trampas conocidas&nbsp;como el intento de cristalizar un conjunto de dispositivos que profundizan la instalaci\u00f3n del sistema de aseguramiento iniciado en la Regi\u00f3n y en nuestro pa\u00eds en los \u201890, y que implican consecuencias grav\u00edsimas para la consagraci\u00f3n del Derecho a la Salud de las argentinas y argentinos, y una especial desestructuraci\u00f3n terminal al Sector P\u00fablico y sus trabajadoras y trabajadores.<\/p>\n<p>En otro tramo, Godoy afirm\u00f3 que &#8220;el uso de los t\u00e9rminos &#8216;cobertura&#8217; y &#8216;seguro&#8217; simbolizan el desplazamiento de las ideas de &#8216;atenci\u00f3n&#8217; o &#8216;derecho&#8217; consagradas por la Constituci\u00f3n e implican una relaci\u00f3n de &#8216;contrato&#8217; no de DERECHO. Estos t\u00e9rminos &nbsp;simbolizan, por lo tanto, el Caballo de Troya que transporta la trampa que legitima el alejamiento del dise\u00f1o de la oferta de servicios p\u00fablicos de salud, su integraci\u00f3n y la eficacia sanitaria&#8221;.&nbsp;<\/p>\n<p><img loading=\"lazy\" decoding=\"async\" class=\"aligncenter size-full wp-image-7840\" src=\"http:\/\/www.atecordoba.org\/wp-content\/uploads\/2016\/12\/WhatsApp-Image-2016-12-15-at-17.05.20-2-e1481838228187.jpeg\" alt=\"whatsapp-image-2016-12-15-at-17-05-20\" width=\"550\" height=\"309\"><\/p>\n<p><strong>Condiciones de los equipos comunitarios<\/strong><\/p>\n<p>A su vez, la compa\u00f1era Raquel&nbsp;Pizzirussi, vocal del CDP, present\u00f3 un trabajo de campo de su autor\u00eda que desarrolla la problem\u00e1tica en C\u00f3rdoba del programa de Equipos Comunitarios, respecto a condiciones de trabajo, efectividad de las pol\u00edticas sanitarias aplicadas por estos equipos, entre otros puntos.<\/p>\n<p>\u201cEl inter\u00e9s por parte de los gobiernos nacional, provincial y municipal de poner en marcha el programa de quipos comunitarios en desmedr\u00f3 de la estabilidad de los trabajadores del sistema sanitario. Lo cual afecta directamente los derechos del trabajador estatal y sus condiciones de trabajo\u201d, destac\u00f3 Eduardo Pereyra, vocal del CDP e integrante junto a Pizzirussi del equipo de formaci\u00f3n que conduce el compa\u00f1ero Gorozo.<\/p>\n<p><strong>Encuentro en Capital Federal<\/strong><\/p>\n<p>Por otro lado, ambos compa\u00f1eros participaron el martes pasado de un encuentro en el Consejo Directivo Nacional de IDEP-&nbsp;Salud. En la oportunidad se repas\u00f3 lo realizando en 2016, apuntando a establecer un balance y delineando las pol\u00edticas de trabajo de ATE para el a\u00f1o entrante respecto al sistema sanitario en los tres niveles del Estado: nacional, provincial y municipal.<\/p>\n<p><img loading=\"lazy\" decoding=\"async\" class=\"aligncenter size-full wp-image-7836\" src=\"http:\/\/www.atecordoba.org\/wp-content\/uploads\/2016\/12\/WhatsApp-Image-2016-12-14-at-10.57.19-e1481837142727.jpeg\" alt=\"whatsapp-image-2016-12-14-at-10-57-19\" width=\"550\" height=\"309\"><\/p>\n<p>Los compa\u00f1eros compartieron experiencias con representantes de Salta, Rosario y Corrientes.<\/p>\n<p>La agenda para el 2017 incluye programar la Semana de la Salud los d\u00edas 7 y 8 de abril,&nbsp;apoyando la campa\u00f1a #NoalaCUS.<\/p>\n<p>&nbsp;<\/p>\n<p>&nbsp;<\/p>\n","protected":false},"excerpt":{"rendered":"<p>&nbsp; Con la presencia del coordinador de Idep SAlud del Consejo Directivo Nacional,&nbsp;Daniel Godoy, &nbsp;la participaci\u00f3n de la integrante de CTA Salta ,Alicia Torres, y el secretario de Formaci\u00f3n del CDP, Jos\u00e9 Gorozo&nbsp;se realiz\u00f3 la presentaci\u00f3n del programa nacional NO A LA CUS. Un avance hacia preservar el derecho a la salud p\u00fablica. &nbsp; La [&hellip;]<\/p>\n","protected":false},"author":1,"featured_media":19220,"comment_status":"open","ping_status":"open","sticky":false,"template":"","format":"standard","meta":{"_exactmetrics_skip_tracking":false,"_exactmetrics_sitenote_active":false,"_exactmetrics_sitenote_note":"","_exactmetrics_sitenote_category":0,"jnews-multi-image_gallery":[],"jnews_single_post":[],"jnews_primary_category":[],"jnews_social_meta":[],"jnews_review":[],"enable_review":"","type":"","name":"","summary":"","brand":"","sku":"","good":[],"bad":[],"score_override":"","override_value":"","rating":[],"price":[],"jnews_override_counter":[],"jnews_post_split":[],"footnotes":""},"categories":[88,102],"tags":[],"class_list":["post-7832","post","type-post","status-publish","format-standard","has-post-thumbnail","hentry","category-formacion","category-salud-2"],"jetpack_featured_media_url":"https:\/\/atecordoba.org\/wp-content\/uploads\/2020\/05\/logo-nuevochico-e1561581322808.png","_links":{"self":[{"href":"https:\/\/atecordoba.org\/index.php?rest_route=\/wp\/v2\/posts\/7832","targetHints":{"allow":["GET"]}}],"collection":[{"href":"https:\/\/atecordoba.org\/index.php?rest_route=\/wp\/v2\/posts"}],"about":[{"href":"https:\/\/atecordoba.org\/index.php?rest_route=\/wp\/v2\/types\/post"}],"author":[{"embeddable":true,"href":"https:\/\/atecordoba.org\/index.php?rest_route=\/wp\/v2\/users\/1"}],"replies":[{"embeddable":true,"href":"https:\/\/atecordoba.org\/index.php?rest_route=%2Fwp%2Fv2%2Fcomments&post=7832"}],"version-history":[{"count":0,"href":"https:\/\/atecordoba.org\/index.php?rest_route=\/wp\/v2\/posts\/7832\/revisions"}],"wp:featuredmedia":[{"embeddable":true,"href":"https:\/\/atecordoba.org\/index.php?rest_route=\/wp\/v2\/media\/19220"}],"wp:attachment":[{"href":"https:\/\/atecordoba.org\/index.php?rest_route=%2Fwp%2Fv2%2Fmedia&parent=7832"}],"wp:term":[{"taxonomy":"category","embeddable":true,"href":"https:\/\/atecordoba.org\/index.php?rest_route=%2Fwp%2Fv2%2Fcategories&post=7832"},{"taxonomy":"post_tag","embeddable":true,"href":"https:\/\/atecordoba.org\/index.php?rest_route=%2Fwp%2Fv2%2Ftags&post=7832"}],"curies":[{"name":"wp","href":"https:\/\/api.w.org\/{rel}","templated":true}]}}