{"id":7830,"date":"2016-12-15T17:12:19","date_gmt":"2016-12-15T20:12:19","guid":{"rendered":"http:\/\/www.atecordoba.org\/?p=7830"},"modified":"2016-12-15T17:12:19","modified_gmt":"2016-12-15T20:12:19","slug":"noviembre-consagro-delegados-de-ate-en-seis-sectores-nacionales","status":"publish","type":"post","link":"https:\/\/atecordoba.org\/?p=7830","title":{"rendered":"Noviembre consagr\u00f3 delegados de ATE en seis sectores nacionales"},"content":{"rendered":"<p><em>Los no docentes de la Universidad Nacional, los trabajadores civiles de las FF.AA. y los compa\u00f1eros de Desarrollo Social de la Naci\u00f3n eligieron sus delegados de ATE en noviembre. Otro tanto sucedi\u00f3 entre los municipales de Salsacate.<\/em><\/p>\n<figure id=\"attachment_7831\" aria-describedby=\"caption-attachment-7831\" style=\"width: 550px\" class=\"wp-caption aligncenter\"><img loading=\"lazy\" decoding=\"async\" class=\"wp-image-7831 size-full\" src=\"http:\/\/www.atecordoba.org\/wp-content\/uploads\/2016\/12\/salsacate-eleccion-delegados2-e1481829725505.jpg\" alt=\"salsacate-eleccion-delegados2\" width=\"550\" height=\"309\"><figcaption id=\"caption-attachment-7831\" class=\"wp-caption-text\">Un municipal votando en la elecci\u00f3n de Salsacate.<\/figcaption><\/figure>\n<p>El pasado 30 de noviembre los trabajadores de la Comisi\u00f3n Nacional de Pensiones, del Ministerio de Desarrollo Social, eligieron al compa\u00f1ero Santiago Orsi como delegado los pr\u00f3ximos dos a\u00f1os, en tanto ese mismo d\u00eda en el Hospital Militar Regional C\u00f3rdoba los trabajadores consagraron a&nbsp;Silvia Ibarra y Aldo Izaguirre.<\/p>\n<p>A su vez, el 23 del mes pasado tanto los trabajadores civiles de la Fuerza A\u00e9rea del Hotel Colonia Costanera de Cosqu\u00edn eligieron al compa\u00f1ero&nbsp;Gustavo Liendo; por su parte los no docentes de la UNC, en la Facultad de Ciencias Exactas F\u00edsicas y Naturales&nbsp;Aldo Rigutto, Vanina Maldonado y Juan Manuel S\u00e1nchez Buteler tendr\u00e1n mandato en representaci\u00f3n de los trabajadores del sector.<\/p>\n<p>Por ultimo, vale&nbsp;marcar que mientras el 22 de noviembre los no docentes de la Biblioteca Mayor de la UNC &nbsp;votaron a&nbsp;M\u00f3nica Muela como nueva delegada; el 17 de ese mes los trabajadores de la cultura de la Orquesta Sinf\u00f3nica de la UNC eligieron&nbsp;Victoria Pato y Luciano Maro, ese mismo d\u00eda los municipales de la localidad de Salsacate eligieron a la compa\u00f1era Miriam Britos, en una elecci\u00f3n complementaria para finalizar mandato por un a\u00f1o restante, ya que la delegada anterior debi\u00f3 renunciar por problemas personales.<\/p>\n<p>&nbsp;<\/p>\n","protected":false},"excerpt":{"rendered":"<p>Los no docentes de la Universidad Nacional, los trabajadores civiles de las FF.AA. y los compa\u00f1eros de Desarrollo Social de la Naci\u00f3n eligieron sus delegados de ATE en noviembre. Otro tanto sucedi\u00f3 entre los municipales de Salsacate. El pasado 30 de noviembre los trabajadores de la Comisi\u00f3n Nacional de Pensiones, del Ministerio de Desarrollo Social, [&hellip;]<\/p>\n","protected":false},"author":1,"featured_media":19220,"comment_status":"open","ping_status":"open","sticky":false,"template":"","format":"standard","meta":{"_exactmetrics_skip_tracking":false,"_exactmetrics_sitenote_active":false,"_exactmetrics_sitenote_note":"","_exactmetrics_sitenote_category":0,"jnews-multi-image_gallery":[],"jnews_single_post":[],"jnews_primary_category":[],"jnews_social_meta":[],"jnews_review":[],"enable_review":"","type":"","name":"","summary":"","brand":"","sku":"","good":[],"bad":[],"score_override":"","override_value":"","rating":[],"price":[],"jnews_override_counter":[],"jnews_post_split":[],"footnotes":""},"categories":[1],"tags":[],"class_list":["post-7830","post","type-post","status-publish","format-standard","has-post-thumbnail","hentry","category-sin-categoria"],"jetpack_featured_media_url":"https:\/\/atecordoba.org\/wp-content\/uploads\/2020\/05\/logo-nuevochico-e1561581322808.png","_links":{"self":[{"href":"https:\/\/atecordoba.org\/index.php?rest_route=\/wp\/v2\/posts\/7830","targetHints":{"allow":["GET"]}}],"collection":[{"href":"https:\/\/atecordoba.org\/index.php?rest_route=\/wp\/v2\/posts"}],"about":[{"href":"https:\/\/atecordoba.org\/index.php?rest_route=\/wp\/v2\/types\/post"}],"author":[{"embeddable":true,"href":"https:\/\/atecordoba.org\/index.php?rest_route=\/wp\/v2\/users\/1"}],"replies":[{"embeddable":true,"href":"https:\/\/atecordoba.org\/index.php?rest_route=%2Fwp%2Fv2%2Fcomments&post=7830"}],"version-history":[{"count":0,"href":"https:\/\/atecordoba.org\/index.php?rest_route=\/wp\/v2\/posts\/7830\/revisions"}],"wp:featuredmedia":[{"embeddable":true,"href":"https:\/\/atecordoba.org\/index.php?rest_route=\/wp\/v2\/media\/19220"}],"wp:attachment":[{"href":"https:\/\/atecordoba.org\/index.php?rest_route=%2Fwp%2Fv2%2Fmedia&parent=7830"}],"wp:term":[{"taxonomy":"category","embeddable":true,"href":"https:\/\/atecordoba.org\/index.php?rest_route=%2Fwp%2Fv2%2Fcategories&post=7830"},{"taxonomy":"post_tag","embeddable":true,"href":"https:\/\/atecordoba.org\/index.php?rest_route=%2Fwp%2Fv2%2Ftags&post=7830"}],"curies":[{"name":"wp","href":"https:\/\/api.w.org\/{rel}","templated":true}]}}