{"id":7824,"date":"2016-12-14T19:09:55","date_gmt":"2016-12-14T22:09:55","guid":{"rendered":"http:\/\/www.atecordoba.org\/?p=7824"},"modified":"2016-12-14T19:09:55","modified_gmt":"2016-12-14T22:09:55","slug":"cruz-del-eje-festejo-el-fin-de-los-cursos-de-oficios-dictados-en-el-local-de-ate","status":"publish","type":"post","link":"https:\/\/atecordoba.org\/?p=7824","title":{"rendered":"Cruz del Eje festej\u00f3 el fin de los cursos de oficios dictados en el local de ATE"},"content":{"rendered":"<p><em>Tanto afiliados como no afiliados participaron de los talleres dictados en la delegaci\u00f3n del norte provincial.<\/em><\/p>\n<p><img loading=\"lazy\" decoding=\"async\" class=\"aligncenter size-full wp-image-7825\" src=\"http:\/\/www.atecordoba.org\/wp-content\/uploads\/2016\/12\/WhatsApp-Image-2016-12-14-at-12.16.06-e1481752935224.jpeg\" alt=\"whatsapp-image-2016-12-14-at-12-16-06\" width=\"550\" height=\"413\"><\/p>\n<p>Los compa\u00f1eros recibieron su diploma en una celebraci\u00f3n que se realiz\u00f3 en un sal\u00f3n de fiestas de la ciudad el s\u00e1bado 10 de diciembre. En la ocasi\u00f3n estuvieron presentes en representaci\u00f3n del Consejo Directivo &nbsp;Provincial los compa\u00f1eros secretario Adjunto, Luis Barcena, y de Interior, Alejandro Murua, junto a dirigentes de la junta interna de la municipalidad de la localidad.<\/p>\n<p><img loading=\"lazy\" decoding=\"async\" class=\"aligncenter size-full wp-image-7826\" src=\"http:\/\/www.atecordoba.org\/wp-content\/uploads\/2016\/12\/WhatsApp-Image-2016-12-14-at-12.16.04-e1481752967971.jpeg\" alt=\"whatsapp-image-2016-12-14-at-12-16-04\" width=\"413\" height=\"550\"><\/p>\n<p>Tambi\u00e9n participaron de la celebraci\u00f3n autoridades del Centro Comercial. En esta primera camada obtuvieron sus diplomas 30 compa\u00f1eras y compa\u00f1eros que realizaron el curso de formaci\u00f3n en acompa\u00f1ante terap\u00e9utico, 8 en masoterapia y 7 en depilaci\u00f3n.<\/p>\n<p><img loading=\"lazy\" decoding=\"async\" class=\"aligncenter size-full wp-image-7827\" src=\"http:\/\/www.atecordoba.org\/wp-content\/uploads\/2016\/12\/WhatsApp-Image-2016-12-14-at-12.22.44-1-e1481753166917.jpeg\" alt=\"whatsapp-image-2016-12-14-at-12-22-44-1\" width=\"550\" height=\"310\"><\/p>\n<p>Vale se\u00f1alar que los cursos fueron gratuitos para los afiliados, en tanto los no afiliados debieron pagar una cuota mensual.<\/p>\n<p><img loading=\"lazy\" decoding=\"async\" class=\"aligncenter size-full wp-image-7828\" src=\"http:\/\/www.atecordoba.org\/wp-content\/uploads\/2016\/12\/WhatsApp-Image-2016-12-14-at-19.08.15-e1481753363141.jpeg\" alt=\"whatsapp-image-2016-12-14-at-19-08-15\" width=\"550\" height=\"309\"><\/p>\n","protected":false},"excerpt":{"rendered":"<p>Tanto afiliados como no afiliados participaron de los talleres dictados en la delegaci\u00f3n del norte provincial. Los compa\u00f1eros recibieron su diploma en una celebraci\u00f3n que se realiz\u00f3 en un sal\u00f3n de fiestas de la ciudad el s\u00e1bado 10 de diciembre. En la ocasi\u00f3n estuvieron presentes en representaci\u00f3n del Consejo Directivo &nbsp;Provincial los compa\u00f1eros secretario Adjunto, [&hellip;]<\/p>\n","protected":false},"author":1,"featured_media":19220,"comment_status":"open","ping_status":"open","sticky":false,"template":"","format":"standard","meta":{"_exactmetrics_skip_tracking":false,"_exactmetrics_sitenote_active":false,"_exactmetrics_sitenote_note":"","_exactmetrics_sitenote_category":0,"jnews-multi-image_gallery":[],"jnews_single_post":[],"jnews_primary_category":[],"jnews_social_meta":[],"jnews_review":[],"enable_review":"","type":"","name":"","summary":"","brand":"","sku":"","good":[],"bad":[],"score_override":"","override_value":"","rating":[],"price":[],"jnews_override_counter":[],"jnews_post_split":[],"footnotes":""},"categories":[88,20],"tags":[],"class_list":["post-7824","post","type-post","status-publish","format-standard","has-post-thumbnail","hentry","category-formacion","category-municipales"],"jetpack_featured_media_url":"https:\/\/atecordoba.org\/wp-content\/uploads\/2020\/05\/logo-nuevochico-e1561581322808.png","_links":{"self":[{"href":"https:\/\/atecordoba.org\/index.php?rest_route=\/wp\/v2\/posts\/7824","targetHints":{"allow":["GET"]}}],"collection":[{"href":"https:\/\/atecordoba.org\/index.php?rest_route=\/wp\/v2\/posts"}],"about":[{"href":"https:\/\/atecordoba.org\/index.php?rest_route=\/wp\/v2\/types\/post"}],"author":[{"embeddable":true,"href":"https:\/\/atecordoba.org\/index.php?rest_route=\/wp\/v2\/users\/1"}],"replies":[{"embeddable":true,"href":"https:\/\/atecordoba.org\/index.php?rest_route=%2Fwp%2Fv2%2Fcomments&post=7824"}],"version-history":[{"count":0,"href":"https:\/\/atecordoba.org\/index.php?rest_route=\/wp\/v2\/posts\/7824\/revisions"}],"wp:featuredmedia":[{"embeddable":true,"href":"https:\/\/atecordoba.org\/index.php?rest_route=\/wp\/v2\/media\/19220"}],"wp:attachment":[{"href":"https:\/\/atecordoba.org\/index.php?rest_route=%2Fwp%2Fv2%2Fmedia&parent=7824"}],"wp:term":[{"taxonomy":"category","embeddable":true,"href":"https:\/\/atecordoba.org\/index.php?rest_route=%2Fwp%2Fv2%2Fcategories&post=7824"},{"taxonomy":"post_tag","embeddable":true,"href":"https:\/\/atecordoba.org\/index.php?rest_route=%2Fwp%2Fv2%2Ftags&post=7824"}],"curies":[{"name":"wp","href":"https:\/\/api.w.org\/{rel}","templated":true}]}}