{"id":7816,"date":"2016-12-14T18:22:27","date_gmt":"2016-12-14T21:22:27","guid":{"rendered":"http:\/\/www.atecordoba.org\/?p=7816"},"modified":"2016-12-14T18:22:27","modified_gmt":"2016-12-14T21:22:27","slug":"delegados-nacionales-provinciales-y-municipales-eligieron-representantes","status":"publish","type":"post","link":"https:\/\/atecordoba.org\/?p=7816","title":{"rendered":"Delegados: nacionales, provinciales y municipales eligieron representantes"},"content":{"rendered":"<p><em>Se trata de compa\u00f1eros del Instituto Obra Social del Ej\u00e9rcito (IOSE) en La Falda, de la Casa de Atenci\u00f3n Interdisciplinaria para V\u00edctimas de Delitos contra la Integridad Sexual de la provincia y de municipales de Cruz del Eje.<\/em><\/p>\n<figure id=\"attachment_7817\" aria-describedby=\"caption-attachment-7817\" style=\"width: 616px\" class=\"wp-caption aligncenter\"><img loading=\"lazy\" decoding=\"async\" class=\"wp-image-7817 size-large\" src=\"http:\/\/www.atecordoba.org\/wp-content\/uploads\/2016\/12\/WhatsApp-Image-2016-12-14-at-15.33.07-616x1024.jpeg\" alt=\"whatsapp-image-2016-12-14-at-15-33-07\" width=\"616\" height=\"1024\"><figcaption id=\"caption-attachment-7817\" class=\"wp-caption-text\"><em>Una afiliada del Iose, votando sus delegados.<\/em><\/figcaption><\/figure>\n<p>El mi\u00e9rcoles 7 del corriente los trabajadores del HOTEL Residencial del IOSE en La Falda concurrieron masivamente a elegir sus representantes gremiales de ATE. La convocatoria tuvo una respuesta contundente de los compa\u00f1eros, toda vez que la patronal intent\u00f3 poner trabas para desarrollar la elecci\u00f3n. Vale recordar que se trata de autoridades que vienen recibiendo sucesivas denuncias por maltrato de parte de ATE. En consecuencia ser\u00e1n delegados del sector los compa\u00f1eros Mar\u00eda Jos\u00e9 Pe\u00f1aloza y C\u00e9sar Heredia.<\/p>\n<figure id=\"attachment_7818\" aria-describedby=\"caption-attachment-7818\" style=\"width: 550px\" class=\"wp-caption aligncenter\"><img loading=\"lazy\" decoding=\"async\" class=\"wp-image-7818 size-full\" src=\"http:\/\/www.atecordoba.org\/wp-content\/uploads\/2016\/12\/WhatsApp-Image-2016-12-14-at-15.33.08-e1481750098684.jpeg\" alt=\"whatsapp-image-2016-12-14-at-15-33-08\" width=\"550\" height=\"431\"><figcaption id=\"caption-attachment-7818\" class=\"wp-caption-text\"><em>Los delegados electos junto al secretario Adjunto, Luis BArcena y al secretario de Organizaci\u00f3n, Victor Lecuona y al compa\u00f1ero Luis Maria del equipo administrivo de ATE<\/em>.<\/figcaption><\/figure>\n<p>A su vez, el lunes 12 los municipales de Cruz del Eje votaron a su cuerpo de delegados. Con nutrida participaci\u00f3n del padr\u00f3n, seis compa\u00f1eros resultaron Manuel Alberto Gonzalez,&nbsp;Gisella D\u00edaz, Celeste Otero Jos\u00e9 Galleguillo, Gilda Campos y Pedro Mor\u00e1n, que integrar\u00e1n el cuerpo de delegados municipal de ATE por los pr\u00f3ximos dos a\u00f1os. Los delegados tienen en su horizonte para los pr\u00f3ximos dos a\u00f1os el reclamo salarial, la estabilidad laboral, las recategorizaciones y el escalaf\u00f3n diferenciando las categor\u00edas. En cuanto a las actividades de formaci\u00f3n, se pretende intensificar los cursos de capacitaci\u00f3n laboral, solicitando la homologaci\u00f3n v\u00eda Ministerio.<\/p>\n<figure id=\"attachment_7819\" aria-describedby=\"caption-attachment-7819\" style=\"width: 310px\" class=\"wp-caption aligncenter\"><img loading=\"lazy\" decoding=\"async\" class=\"wp-image-7819 size-full\" src=\"http:\/\/www.atecordoba.org\/wp-content\/uploads\/2016\/12\/WhatsApp-Image-2016-12-14-at-12.26.37-e1481750288556.jpeg\" alt=\"whatsapp-image-2016-12-14-at-12-26-37\" width=\"310\" height=\"550\"><figcaption id=\"caption-attachment-7819\" class=\"wp-caption-text\"><em>Urna volante en el Centro Integrador de la Municipalidad de Cruz del Eje.<\/em><\/figcaption><\/figure>\n<p>Por \u00faltimo, la Casa de Atenci\u00f3n Interdisciplinaria para V\u00edctimas de Delitos contra la Integridad Sexual, dependencia creada recientemente, tambi\u00e9n eligi\u00f3 hoy sus delegados con una participaci\u00f3n del 85% del padr\u00f3n dispuesto para la ocasi\u00f3n. As\u00ed, fueron elegidas las compa\u00f1eras Bel\u00e9n Valetto, Carina Mora y Diana Rey Flocco.<\/p>\n<figure id=\"attachment_7820\" aria-describedby=\"caption-attachment-7820\" style=\"width: 550px\" class=\"wp-caption aligncenter\"><img loading=\"lazy\" decoding=\"async\" class=\"wp-image-7820 size-full\" src=\"http:\/\/www.atecordoba.org\/wp-content\/uploads\/2016\/12\/WhatsApp-Image-2016-12-14-at-15.25.55-e1481750373212.jpeg\" alt=\"whatsapp-image-2016-12-14-at-15-25-55\" width=\"550\" height=\"330\"><figcaption id=\"caption-attachment-7820\" class=\"wp-caption-text\"><em>Las nuevas delegadas provinciales de ATE, junto al secretario de Prensa, Daniel Pawluchuzk, y el compa\u00f1ero Luis Mar\u00eda.<\/em><\/figcaption><\/figure>\n","protected":false},"excerpt":{"rendered":"<p>Se trata de compa\u00f1eros del Instituto Obra Social del Ej\u00e9rcito (IOSE) en La Falda, de la Casa de Atenci\u00f3n Interdisciplinaria para V\u00edctimas de Delitos contra la Integridad Sexual de la provincia y de municipales de Cruz del Eje. El mi\u00e9rcoles 7 del corriente los trabajadores del HOTEL Residencial del IOSE en La Falda concurrieron masivamente [&hellip;]<\/p>\n","protected":false},"author":1,"featured_media":19220,"comment_status":"open","ping_status":"open","sticky":false,"template":"","format":"standard","meta":{"_exactmetrics_skip_tracking":false,"_exactmetrics_sitenote_active":false,"_exactmetrics_sitenote_note":"","_exactmetrics_sitenote_category":0,"jnews-multi-image_gallery":[],"jnews_single_post":[],"jnews_primary_category":[],"jnews_social_meta":[],"jnews_review":[],"enable_review":"","type":"","name":"","summary":"","brand":"","sku":"","good":[],"bad":[],"score_override":"","override_value":"","rating":[],"price":[],"jnews_override_counter":[],"jnews_post_split":[],"footnotes":""},"categories":[20,18,8],"tags":[],"class_list":["post-7816","post","type-post","status-publish","format-standard","has-post-thumbnail","hentry","category-municipales","category-nacionales","category-provinciales"],"jetpack_featured_media_url":"https:\/\/atecordoba.org\/wp-content\/uploads\/2020\/05\/logo-nuevochico-e1561581322808.png","_links":{"self":[{"href":"https:\/\/atecordoba.org\/index.php?rest_route=\/wp\/v2\/posts\/7816","targetHints":{"allow":["GET"]}}],"collection":[{"href":"https:\/\/atecordoba.org\/index.php?rest_route=\/wp\/v2\/posts"}],"about":[{"href":"https:\/\/atecordoba.org\/index.php?rest_route=\/wp\/v2\/types\/post"}],"author":[{"embeddable":true,"href":"https:\/\/atecordoba.org\/index.php?rest_route=\/wp\/v2\/users\/1"}],"replies":[{"embeddable":true,"href":"https:\/\/atecordoba.org\/index.php?rest_route=%2Fwp%2Fv2%2Fcomments&post=7816"}],"version-history":[{"count":0,"href":"https:\/\/atecordoba.org\/index.php?rest_route=\/wp\/v2\/posts\/7816\/revisions"}],"wp:featuredmedia":[{"embeddable":true,"href":"https:\/\/atecordoba.org\/index.php?rest_route=\/wp\/v2\/media\/19220"}],"wp:attachment":[{"href":"https:\/\/atecordoba.org\/index.php?rest_route=%2Fwp%2Fv2%2Fmedia&parent=7816"}],"wp:term":[{"taxonomy":"category","embeddable":true,"href":"https:\/\/atecordoba.org\/index.php?rest_route=%2Fwp%2Fv2%2Fcategories&post=7816"},{"taxonomy":"post_tag","embeddable":true,"href":"https:\/\/atecordoba.org\/index.php?rest_route=%2Fwp%2Fv2%2Ftags&post=7816"}],"curies":[{"name":"wp","href":"https:\/\/api.w.org\/{rel}","templated":true}]}}