{"id":7811,"date":"2016-12-12T18:48:33","date_gmt":"2016-12-12T21:48:33","guid":{"rendered":"http:\/\/www.atecordoba.org\/?p=7811"},"modified":"2016-12-12T18:48:33","modified_gmt":"2016-12-12T21:48:33","slug":"noalacus-tercera-jornada-de-formacion-en-salud","status":"publish","type":"post","link":"https:\/\/atecordoba.org\/?p=7811","title":{"rendered":"#NOALACUS: tercera jornada de formaci\u00f3n en Salud"},"content":{"rendered":"<p><em>El jueves 15 de diciembre se realizar\u00e1 una jornada de formaci\u00f3n en Salud para todos los estatales. Se abordar\u00e1 y&nbsp;fundamentar\u00e1 el rechazo de ATE al nuevo sistema CUS que tiende a la privatizaci\u00f3n de la salud p\u00fablica.<\/em><\/p>\n<p><img loading=\"lazy\" decoding=\"async\" class=\"aligncenter size-full wp-image-7813\" src=\"http:\/\/www.atecordoba.org\/wp-content\/uploads\/2016\/12\/WhatsApp-Image-2016-12-08-at-17.42.51-e1481579263234.jpeg\" alt=\"whatsapp-image-2016-12-08-at-17-42-51\" width=\"550\" height=\"390\"><\/p>\n<p>La jornada de formaci\u00f3n contar\u00e1 con la participaci\u00f3n de integrantes &nbsp;equipo de salud del Instituto Estudios sobre el Estado y la Participaci\u00f3n IDEP-SALUD Daniel Godoy, &nbsp;medico sanitarista, Celeste Romero, del \u00e1rea de formaci\u00f3n del Idep, y el secretario de Formaci\u00f3n del CDP Jos\u00e9 Gorozo.<\/p>\n<p>La actividad se realizar\u00e1 en el sal\u00f3n de actos de nuestra sede y cuenta con el apoyo de la Escuela de Formaci\u00f3n Libertario Ferrari y la Red de Sistemas y Pol\u00edticas de Salud ALAMES (Asociaci\u00f3n Latinoamericana de Medicina Social).<\/p>\n<p>Se trata de un abordaje del nuevo sistema Cobertura Universal en Salud (CUS), iniciativa del gobierno de Mauricio Macri para el sistema sanitario p\u00fablico estatal.&nbsp;Este encuentro forma parte de los talleres de formaci\u00f3n para trabajadores estatales.<\/p>\n<p>Adem\u00e1s se realizar\u00e1 la presentaci\u00f3n del trabajo de investigaci\u00f3n sobre la actividad que desarrollan los equipos comunitarios en la provincia de C\u00f3rdoba, a cargo de la compa\u00f1era licenciada Raquel Pizzirussi, vocal de la comisi\u00f3n directiva del CDP.<\/p>\n<p>La actividad se llevar\u00e1 a cabo de 9 a 13 horas y al finalizar habr\u00e1 un&nbsp;\u00e1gape. &nbsp;<\/p>\n","protected":false},"excerpt":{"rendered":"<p>El jueves 15 de diciembre se realizar\u00e1 una jornada de formaci\u00f3n en Salud para todos los estatales. Se abordar\u00e1 y&nbsp;fundamentar\u00e1 el rechazo de ATE al nuevo sistema CUS que tiende a la privatizaci\u00f3n de la salud p\u00fablica. La jornada de formaci\u00f3n contar\u00e1 con la participaci\u00f3n de integrantes &nbsp;equipo de salud del Instituto Estudios sobre el [&hellip;]<\/p>\n","protected":false},"author":1,"featured_media":19220,"comment_status":"open","ping_status":"open","sticky":false,"template":"","format":"standard","meta":{"_exactmetrics_skip_tracking":false,"_exactmetrics_sitenote_active":false,"_exactmetrics_sitenote_note":"","_exactmetrics_sitenote_category":0,"jnews-multi-image_gallery":[],"jnews_single_post":[],"jnews_primary_category":[],"jnews_social_meta":[],"jnews_review":[],"enable_review":"","type":"","name":"","summary":"","brand":"","sku":"","good":[],"bad":[],"score_override":"","override_value":"","rating":[],"price":[],"jnews_override_counter":[],"jnews_post_split":[],"footnotes":""},"categories":[88],"tags":[],"class_list":["post-7811","post","type-post","status-publish","format-standard","has-post-thumbnail","hentry","category-formacion"],"jetpack_featured_media_url":"https:\/\/atecordoba.org\/wp-content\/uploads\/2020\/05\/logo-nuevochico-e1561581322808.png","_links":{"self":[{"href":"https:\/\/atecordoba.org\/index.php?rest_route=\/wp\/v2\/posts\/7811","targetHints":{"allow":["GET"]}}],"collection":[{"href":"https:\/\/atecordoba.org\/index.php?rest_route=\/wp\/v2\/posts"}],"about":[{"href":"https:\/\/atecordoba.org\/index.php?rest_route=\/wp\/v2\/types\/post"}],"author":[{"embeddable":true,"href":"https:\/\/atecordoba.org\/index.php?rest_route=\/wp\/v2\/users\/1"}],"replies":[{"embeddable":true,"href":"https:\/\/atecordoba.org\/index.php?rest_route=%2Fwp%2Fv2%2Fcomments&post=7811"}],"version-history":[{"count":0,"href":"https:\/\/atecordoba.org\/index.php?rest_route=\/wp\/v2\/posts\/7811\/revisions"}],"wp:featuredmedia":[{"embeddable":true,"href":"https:\/\/atecordoba.org\/index.php?rest_route=\/wp\/v2\/media\/19220"}],"wp:attachment":[{"href":"https:\/\/atecordoba.org\/index.php?rest_route=%2Fwp%2Fv2%2Fmedia&parent=7811"}],"wp:term":[{"taxonomy":"category","embeddable":true,"href":"https:\/\/atecordoba.org\/index.php?rest_route=%2Fwp%2Fv2%2Fcategories&post=7811"},{"taxonomy":"post_tag","embeddable":true,"href":"https:\/\/atecordoba.org\/index.php?rest_route=%2Fwp%2Fv2%2Ftags&post=7811"}],"curies":[{"name":"wp","href":"https:\/\/api.w.org\/{rel}","templated":true}]}}