{"id":7793,"date":"2016-12-12T17:15:11","date_gmt":"2016-12-12T20:15:11","guid":{"rendered":"http:\/\/www.atecordoba.org\/?p=7793"},"modified":"2016-12-12T17:15:11","modified_gmt":"2016-12-12T20:15:11","slug":"el-debate-sobre-el-rol-del-estado-se-hizo-presente-en-cordoba","status":"publish","type":"post","link":"https:\/\/atecordoba.org\/?p=7793","title":{"rendered":"El debate sobre el rol del Estado se hizo presente en C\u00f3rdoba"},"content":{"rendered":"<p><em>Con una importante participaci\u00f3n de afiliados, la semana pasada se desarroll\u00f3 la actividad en nuestra sede.&nbsp;<\/em><\/p>\n<p><img loading=\"lazy\" decoding=\"async\" class=\"aligncenter size-full wp-image-7796\" src=\"http:\/\/www.atecordoba.org\/wp-content\/uploads\/2016\/12\/de-apertura.png\" alt=\"de-apertura\" width=\"550\" height=\"412\"><\/p>\n<p>Se trat\u00f3 de dos jornadas de debate sobre el Rol del Estado, en l\u00ednea que lo que se viene realizando a nivel nacional y atento a la etapa que abri\u00f3 la nueva administraci\u00f3n de Mauricio Macri.&nbsp;<\/p>\n<p>La secretaria General de ATE, Mar\u00eda Liliana Salerno, agradeci\u00f3 la presencia de importantes panelistas, tanto locales como venidos de otros puntos del pa\u00eds para participar de una actividad organizada por el Consejo Directivo Provincial.<\/p>\n<p>Al mismo tiempo, Salerno refrend\u00f3 el compromiso de ATE con la construcci\u00f3n de un Estado solidario, en funci\u00f3n de las necesidades del pueblo en su conjunto.&nbsp;<\/p>\n<p><img loading=\"lazy\" decoding=\"async\" class=\"aligncenter size-full wp-image-7797\" src=\"http:\/\/www.atecordoba.org\/wp-content\/uploads\/2016\/12\/segunda_discurso-salerno.png\" alt=\"segunda_discurso-salerno\" width=\"412\" height=\"550\"><\/p>\n<p>A la hora de analizar el resultado de las jornadas, la secretaria General sostuvo que &#8220;fue muy exitosa tanto por la cantidad de compa\u00f1eros que se acercaron a participar como por la calidad de los expositores y los disertantes. Por sobre todas las cosas existe una necesidad de los compa\u00f1eros de ATE de sentirnos contenidos no s\u00f3lo en la lucha, no solo para resistir sino para avanzar en esta etapa dif\u00edcil que nos toca transitar. Nos preparamos para algo mucho mejor y necesitamos que el crecimiento de ATE sea en cantidad y en calidad&#8221;.<\/p>\n<p>En tal sentido la organizaci\u00f3n de la actividad tambi\u00e9n es una respuesta a la convocatoria de Hugo Cachorro Godoy, secretario General de ATE a nivel nacional, que &nbsp;dijo en R\u00edo Tercero que es necesario que los estatales sean protagonistas del tiempo que vivimos.<\/p>\n<p><img loading=\"lazy\" decoding=\"async\" class=\"aligncenter size-full wp-image-7798\" src=\"http:\/\/www.atecordoba.org\/wp-content\/uploads\/2016\/12\/tercera_mesa.png\" alt=\"tercera_mesa\" width=\"550\" height=\"412\"><\/p>\n<p>&#8220;Y para eso necesitamos herramientas&nbsp;como este tipo de actividades. Si somos capaces de entenderlo vamos a ser muy beneficiados. La formaci\u00f3n es una herramienta que ATE siempre pone a disposici\u00f3n de las afiliadas y afiliados, apelamos a que los delegados de ATE tengan una formaci\u00f3n integral, siempre a partir de la base gremial pero con un desarrollo que les permitan intervenir como cuadros&nbsp; completos en la vida social y pol\u00edtica. Es una tradici\u00f3n de nuestro gremio que vamos a seguir llevando adelante.&nbsp; Son los nuevos cuadros dirigenciales que estamos preparando, tambi\u00e9n la militancia, en sinton\u00eda con lo que ATE hace en todo el pa\u00eds. As\u00ed generamos la verdadera conciencia como trabajadores de lo que es nuestra clase y esperamos que para el futuro podamos construir un Estado m\u00e1s participativo y democr\u00e1tico&#8221;, se\u00f1al\u00f3 la dirigente.<\/p>\n<p><img loading=\"lazy\" decoding=\"async\" class=\"aligncenter size-full wp-image-7799\" src=\"http:\/\/www.atecordoba.org\/wp-content\/uploads\/2016\/12\/septima_mesa.png\" alt=\"septima_mesa\" width=\"550\" height=\"309\"><\/p>\n<p>Durante las jornadas se destac\u00f3 la presencia de compa\u00f1eros del interior, de las seccionales Villa Mar\u00eda, R\u00edo Tercero y R\u00edo Cuarto, estas dos \u00faltimas con la presencia de sus secretarios generales, Cristian Colman y Walter Avalos respectivamente.<\/p>\n<p>&nbsp;<\/p>\n<p>En breve, el Consejo Directivo Provincial realizar\u00e1 una edici\u00f3n multimedia de las jornadas de debate para que los afiliados dispongan del material desarrollado.&nbsp;<\/p>\n<p><img loading=\"lazy\" decoding=\"async\" class=\"aligncenter size-full wp-image-7800\" src=\"http:\/\/www.atecordoba.org\/wp-content\/uploads\/2016\/12\/quinta_mesa.png\" alt=\"quinta_mesa\" width=\"550\" height=\"397\"><\/p>\n<p><img loading=\"lazy\" decoding=\"async\" class=\"aligncenter size-full wp-image-7802\" src=\"http:\/\/www.atecordoba.org\/wp-content\/uploads\/2016\/12\/10_lentes.png\" alt=\"10_lentes\" width=\"550\" height=\"309\"><\/p>\n<p><img loading=\"lazy\" decoding=\"async\" class=\"aligncenter size-full wp-image-7805\" src=\"http:\/\/www.atecordoba.org\/wp-content\/uploads\/2016\/12\/quinta_mesa-1.png\" alt=\"quinta_mesa\" width=\"550\" height=\"397\"> <img loading=\"lazy\" decoding=\"async\" class=\"aligncenter size-full wp-image-7806\" src=\"http:\/\/www.atecordoba.org\/wp-content\/uploads\/2016\/12\/sexta_mesa.png\" alt=\"sexta_mesa\" width=\"550\" height=\"412\"> <img loading=\"lazy\" decoding=\"async\" class=\"aligncenter size-full wp-image-7804\" src=\"http:\/\/www.atecordoba.org\/wp-content\/uploads\/2016\/12\/octava_mesa.png\" alt=\"octava_mesa\" width=\"550\" height=\"309\"> <img loading=\"lazy\" decoding=\"async\" class=\"aligncenter size-full wp-image-7803\" src=\"http:\/\/www.atecordoba.org\/wp-content\/uploads\/2016\/12\/cuarta_salon.png\" alt=\"cuarta_salon\" width=\"550\" height=\"412\"><\/p>\n","protected":false},"excerpt":{"rendered":"<p>Con una importante participaci\u00f3n de afiliados, la semana pasada se desarroll\u00f3 la actividad en nuestra sede.&nbsp; Se trat\u00f3 de dos jornadas de debate sobre el Rol del Estado, en l\u00ednea que lo que se viene realizando a nivel nacional y atento a la etapa que abri\u00f3 la nueva administraci\u00f3n de Mauricio Macri.&nbsp; La secretaria General [&hellip;]<\/p>\n","protected":false},"author":1,"featured_media":19220,"comment_status":"open","ping_status":"open","sticky":false,"template":"","format":"standard","meta":{"_exactmetrics_skip_tracking":false,"_exactmetrics_sitenote_active":false,"_exactmetrics_sitenote_note":"","_exactmetrics_sitenote_category":0,"jnews-multi-image_gallery":[],"jnews_single_post":[],"jnews_primary_category":[],"jnews_social_meta":[],"jnews_review":[],"enable_review":"","type":"","name":"","summary":"","brand":"","sku":"","good":[],"bad":[],"score_override":"","override_value":"","rating":[],"price":[],"jnews_override_counter":[],"jnews_post_split":[],"footnotes":""},"categories":[88],"tags":[],"class_list":["post-7793","post","type-post","status-publish","format-standard","has-post-thumbnail","hentry","category-formacion"],"jetpack_featured_media_url":"https:\/\/atecordoba.org\/wp-content\/uploads\/2020\/05\/logo-nuevochico-e1561581322808.png","_links":{"self":[{"href":"https:\/\/atecordoba.org\/index.php?rest_route=\/wp\/v2\/posts\/7793","targetHints":{"allow":["GET"]}}],"collection":[{"href":"https:\/\/atecordoba.org\/index.php?rest_route=\/wp\/v2\/posts"}],"about":[{"href":"https:\/\/atecordoba.org\/index.php?rest_route=\/wp\/v2\/types\/post"}],"author":[{"embeddable":true,"href":"https:\/\/atecordoba.org\/index.php?rest_route=\/wp\/v2\/users\/1"}],"replies":[{"embeddable":true,"href":"https:\/\/atecordoba.org\/index.php?rest_route=%2Fwp%2Fv2%2Fcomments&post=7793"}],"version-history":[{"count":0,"href":"https:\/\/atecordoba.org\/index.php?rest_route=\/wp\/v2\/posts\/7793\/revisions"}],"wp:featuredmedia":[{"embeddable":true,"href":"https:\/\/atecordoba.org\/index.php?rest_route=\/wp\/v2\/media\/19220"}],"wp:attachment":[{"href":"https:\/\/atecordoba.org\/index.php?rest_route=%2Fwp%2Fv2%2Fmedia&parent=7793"}],"wp:term":[{"taxonomy":"category","embeddable":true,"href":"https:\/\/atecordoba.org\/index.php?rest_route=%2Fwp%2Fv2%2Fcategories&post=7793"},{"taxonomy":"post_tag","embeddable":true,"href":"https:\/\/atecordoba.org\/index.php?rest_route=%2Fwp%2Fv2%2Ftags&post=7793"}],"curies":[{"name":"wp","href":"https:\/\/api.w.org\/{rel}","templated":true}]}}