{"id":7785,"date":"2016-12-02T19:19:32","date_gmt":"2016-12-02T22:19:32","guid":{"rendered":"http:\/\/www.atecordoba.org\/?p=7785"},"modified":"2016-12-02T19:19:32","modified_gmt":"2016-12-02T22:19:32","slug":"el-paro-municipal-de-ate-se-sintio-en-localidades-del-interior-provincial","status":"publish","type":"post","link":"https:\/\/atecordoba.org\/?p=7785","title":{"rendered":"El paro municipal de ATE se sinti\u00f3 en localidades del interior provincial"},"content":{"rendered":"<p><em>Trabajadores municipales de Salsacate, Quilino y Unquillo se manifestaron con protestas y volanteadas en reclamo de reapertura de paritarias y aumento salarial. El paro en R\u00edo Cuarto.<\/em><\/p>\n<figure id=\"attachment_7787\" aria-describedby=\"caption-attachment-7787\" style=\"width: 550px\" class=\"wp-caption aligncenter\"><img loading=\"lazy\" decoding=\"async\" class=\"wp-image-7787 size-full\" src=\"http:\/\/www.atecordoba.org\/wp-content\/uploads\/2016\/12\/WhatsApp-Image-2016-12-02-at-09.40.29-e1480717018719.jpeg\" alt=\"whatsapp-image-2016-12-02-at-09-40-29\" width=\"550\" height=\"331\"><figcaption id=\"caption-attachment-7787\" class=\"wp-caption-text\"><em>ATE en la plaza central de Salsacate<\/em><\/figcaption><\/figure>\n<p>En consonancia con el paro nacional de trabajadores municipales que se llev\u00f3 a cabo en m\u00e1s de 800 intendencias de todo el pa\u00eds, en el interior provincial ATE llev\u00f3 a cabo medidas de fuerza, tanto en el norte como en el sur de C\u00f3rdoba.<\/p>\n<p>En Salsacate los trabajadores se ubicaron en la plaza central para expresar su reclamo por la reapertura de paritarias y la urgente convocatoria a una mesa de relaciones laborales donde volcar el pedido de recomposici\u00f3n salarial.<\/p>\n<p>Por su parte, en Quilino se realiz\u00f3 una volanteada en la plaza central y manifestando cu\u00e1les son los reclamos que tienen los municipales por situaci\u00f3n salarial y de condiciones de trabajo.<\/p>\n<figure id=\"attachment_7786\" aria-describedby=\"caption-attachment-7786\" style=\"width: 550px\" class=\"wp-caption aligncenter\"><img loading=\"lazy\" decoding=\"async\" class=\"wp-image-7786 size-full\" src=\"http:\/\/www.atecordoba.org\/wp-content\/uploads\/2016\/12\/WhatsApp-Image-2016-12-02-at-09.40.06-e1480717043601.jpeg\" alt=\"whatsapp-image-2016-12-02-at-09-40-06\" width=\"550\" height=\"309\"><figcaption id=\"caption-attachment-7786\" class=\"wp-caption-text\"><em>Protesta en Unquillo con volanteada.<\/em><\/figcaption><\/figure>\n<p>A su vez, en Unquillo se llev\u00f3 a cabo una &nbsp;volanteada en patio principal del municipio y en las oficinas de atenci\u00f3n al p\u00fablico.<\/p>\n<p>Por otro lado, la seccional R\u00edo Cuarto dio cuenta de la medida de fuerza entre los municipales donde nuestro gremio cuenta con representaci\u00f3n.<\/p>\n<p>Walter \u00c1valos, secretario general de ATE R\u00edo Cuarto, dijo que \u201cla respuesta de los trabajadores a la medida de fuerza fue muy buena, no solamente en R\u00edo Cuarto sino en otras localidades de la provincia y del pa\u00eds\u201d.<\/p>\n<p>Walter \u00c1valos dijo: \u201cTodo esto se lo estamos reclamando a la Federaci\u00f3n Argentina de Municipios (FAM) porque los empleados estatales son los m\u00e1s precarizados y postergados. Desde ATE se\u00f1alaron que \u201cen la gran mayor\u00eda de los municipios no existen los convenios colectivos de trabajo. En m\u00e1s de la mitad los salarios no llegan al salario m\u00ednimo vital y m\u00f3vil. Hay municipios donde los salarios se ubican en entre los 3500 y los 5000 pesos\u201d.<\/p>\n<figure id=\"attachment_7788\" aria-describedby=\"caption-attachment-7788\" style=\"width: 309px\" class=\"wp-caption aligncenter\"><img loading=\"lazy\" decoding=\"async\" class=\"wp-image-7788 size-full\" src=\"http:\/\/www.atecordoba.org\/wp-content\/uploads\/2016\/12\/WhatsApp-Image-2016-12-02-at-09.39.58-e1480717065665.jpeg\" alt=\"whatsapp-image-2016-12-02-at-09-39-58\" width=\"309\" height=\"550\"><figcaption id=\"caption-attachment-7788\" class=\"wp-caption-text\"><em>Los reclamos municipales.<\/em><\/figcaption><\/figure>\n<p>Por tales motivos, Walter \u00c1valos, consider\u00f3 que \u201ces necesario que se mire la realidad de los trabajadores municipales y que de eleven las asignaciones salariales para todos los trabajadores municipales\u201d.<\/p>\n<p>&nbsp;<\/p>\n","protected":false},"excerpt":{"rendered":"<p>Trabajadores municipales de Salsacate, Quilino y Unquillo se manifestaron con protestas y volanteadas en reclamo de reapertura de paritarias y aumento salarial. El paro en R\u00edo Cuarto. En consonancia con el paro nacional de trabajadores municipales que se llev\u00f3 a cabo en m\u00e1s de 800 intendencias de todo el pa\u00eds, en el interior provincial ATE [&hellip;]<\/p>\n","protected":false},"author":1,"featured_media":19220,"comment_status":"open","ping_status":"open","sticky":false,"template":"","format":"standard","meta":{"_exactmetrics_skip_tracking":false,"_exactmetrics_sitenote_active":false,"_exactmetrics_sitenote_note":"","_exactmetrics_sitenote_category":0,"jnews-multi-image_gallery":[],"jnews_single_post":[],"jnews_primary_category":[],"jnews_social_meta":[],"jnews_review":[],"enable_review":"","type":"","name":"","summary":"","brand":"","sku":"","good":[],"bad":[],"score_override":"","override_value":"","rating":[],"price":[],"jnews_override_counter":[],"jnews_post_split":[],"footnotes":""},"categories":[20],"tags":[],"class_list":["post-7785","post","type-post","status-publish","format-standard","has-post-thumbnail","hentry","category-municipales"],"jetpack_featured_media_url":"https:\/\/atecordoba.org\/wp-content\/uploads\/2020\/05\/logo-nuevochico-e1561581322808.png","_links":{"self":[{"href":"https:\/\/atecordoba.org\/index.php?rest_route=\/wp\/v2\/posts\/7785","targetHints":{"allow":["GET"]}}],"collection":[{"href":"https:\/\/atecordoba.org\/index.php?rest_route=\/wp\/v2\/posts"}],"about":[{"href":"https:\/\/atecordoba.org\/index.php?rest_route=\/wp\/v2\/types\/post"}],"author":[{"embeddable":true,"href":"https:\/\/atecordoba.org\/index.php?rest_route=\/wp\/v2\/users\/1"}],"replies":[{"embeddable":true,"href":"https:\/\/atecordoba.org\/index.php?rest_route=%2Fwp%2Fv2%2Fcomments&post=7785"}],"version-history":[{"count":0,"href":"https:\/\/atecordoba.org\/index.php?rest_route=\/wp\/v2\/posts\/7785\/revisions"}],"wp:featuredmedia":[{"embeddable":true,"href":"https:\/\/atecordoba.org\/index.php?rest_route=\/wp\/v2\/media\/19220"}],"wp:attachment":[{"href":"https:\/\/atecordoba.org\/index.php?rest_route=%2Fwp%2Fv2%2Fmedia&parent=7785"}],"wp:term":[{"taxonomy":"category","embeddable":true,"href":"https:\/\/atecordoba.org\/index.php?rest_route=%2Fwp%2Fv2%2Fcategories&post=7785"},{"taxonomy":"post_tag","embeddable":true,"href":"https:\/\/atecordoba.org\/index.php?rest_route=%2Fwp%2Fv2%2Ftags&post=7785"}],"curies":[{"name":"wp","href":"https:\/\/api.w.org\/{rel}","templated":true}]}}