{"id":7782,"date":"2016-12-05T14:11:35","date_gmt":"2016-12-05T17:11:35","guid":{"rendered":"http:\/\/www.atecordoba.org\/?p=7782"},"modified":"2016-12-05T14:11:35","modified_gmt":"2016-12-05T17:11:35","slug":"unc-la-orquesta-sinfonica-tocara-el-martes-proximo-mientras-continua-el-conflicto-gremial","status":"publish","type":"post","link":"https:\/\/atecordoba.org\/?p=7782","title":{"rendered":"UNC: la Orquesta Sinf\u00f3nica tocar\u00e1 el martes pr\u00f3ximo mientras contin\u00faa el conflicto gremial"},"content":{"rendered":"<p><em>El martes 6 de diciembre la Orquesta Sinf\u00f3nica de la UNC realizar\u00e1 el concierto de cierre de temporada 2016 en la Sala de las Am\u00e9ricas del Pabell\u00f3n Argentina de la Ciudad Universitaria, actividad que se llevar\u00e1 a cabo en el marco del conflicto gremial que desarrollan los 63 trabajadores que la integran, en reclamo del fin de la su situaci\u00f3n de precarizaci\u00f3n laboral y el pase a planta permanente.<\/em><\/p>\n<p><img loading=\"lazy\" decoding=\"async\" class=\"aligncenter size-full wp-image-7783\" src=\"http:\/\/www.atecordoba.org\/wp-content\/uploads\/2016\/12\/IMG-20160920-WA0010.jpg\" alt=\"img-20160920-wa0010\" width=\"512\" height=\"288\"><\/p>\n<p>Este reclamo se viene realizando desde ATE a las autoridades de la UNC que encabeza el rector Hugo Juri, ya que se trata de trabajadores de la cultura que tienen, en algunos casos, hasta 10 a\u00f1os de antig\u00fcedad en condici\u00f3n de becarios.<\/p>\n<p>Hasta el momento, las autoridades de la UNC no dieron ninguna respuesta positiva a los reclamos. Por el contrario, asumieron una actitud persecutoria para con los trabajadores, suspendiendo parte de la programaci\u00f3n prevista y coartando en consecuencia su derecho al trabajo que ven\u00edan realizando, a trav\u00e9s del subsecretario de Cultura Pedro Sorrentino.<\/p>\n<p>Ahora, desde la Subsecretaria de Cultura se revirti\u00f3 esa medida, permitiendo la realizaci\u00f3n del concierto del martes pr\u00f3ximo, pero omitiendo la difusi\u00f3n del mismo.<\/p>\n<p>En consecuencia desde ATE invitamos a todos a concurrir al concierto del martes pr\u00f3ximo, a las 20 horas, con entrada libre y gratuita, para disfrutar de la m\u00fasica que interpretan estos trabajadores de la cultura y apoyar su reclamo por el mejoramiento de sus condiciones de trabajo, salarios dignos, obra social y dem\u00e1s derechos cercenados.<\/p>\n<p>Programa:<\/p>\n<p>2016 &#8211; TEMPORADA X<br \/>\nConcierto Final de Temporada 2016<\/p>\n<p>Contrastes<\/p>\n<p>Leonardo Besso Pianetto, Luis Forni, Ignacio Cortez, Luis Alderete y Gast\u00f3n Tecchio<\/p>\n<p>W.A.Mozart&nbsp;<br \/>\nConcierto para viol\u00edn y orquesta n\u00b05 en La mayor K.219<br \/>\nSolista: Lucia Luque<\/p>\n<p>W.A.Mozart&nbsp;<br \/>\nSinfon\u00eda n\u00b040 en Sol menor K.550<\/p>\n<p>Director: Daniel Mazza<\/p>\n<p>Entrada libre y gratuita.<\/p>\n","protected":false},"excerpt":{"rendered":"<p>El martes 6 de diciembre la Orquesta Sinf\u00f3nica de la UNC realizar\u00e1 el concierto de cierre de temporada 2016 en la Sala de las Am\u00e9ricas del Pabell\u00f3n Argentina de la Ciudad Universitaria, actividad que se llevar\u00e1 a cabo en el marco del conflicto gremial que desarrollan los 63 trabajadores que la integran, en reclamo del [&hellip;]<\/p>\n","protected":false},"author":1,"featured_media":19220,"comment_status":"open","ping_status":"open","sticky":false,"template":"","format":"standard","meta":{"_exactmetrics_skip_tracking":false,"_exactmetrics_sitenote_active":false,"_exactmetrics_sitenote_note":"","_exactmetrics_sitenote_category":0,"jnews-multi-image_gallery":[],"jnews_single_post":[],"jnews_primary_category":[],"jnews_social_meta":[],"jnews_review":[],"enable_review":"","type":"","name":"","summary":"","brand":"","sku":"","good":[],"bad":[],"score_override":"","override_value":"","rating":[],"price":[],"jnews_override_counter":[],"jnews_post_split":[],"footnotes":""},"categories":[89],"tags":[],"class_list":["post-7782","post","type-post","status-publish","format-standard","has-post-thumbnail","hentry","category-unc"],"jetpack_featured_media_url":"https:\/\/atecordoba.org\/wp-content\/uploads\/2020\/05\/logo-nuevochico-e1561581322808.png","_links":{"self":[{"href":"https:\/\/atecordoba.org\/index.php?rest_route=\/wp\/v2\/posts\/7782","targetHints":{"allow":["GET"]}}],"collection":[{"href":"https:\/\/atecordoba.org\/index.php?rest_route=\/wp\/v2\/posts"}],"about":[{"href":"https:\/\/atecordoba.org\/index.php?rest_route=\/wp\/v2\/types\/post"}],"author":[{"embeddable":true,"href":"https:\/\/atecordoba.org\/index.php?rest_route=\/wp\/v2\/users\/1"}],"replies":[{"embeddable":true,"href":"https:\/\/atecordoba.org\/index.php?rest_route=%2Fwp%2Fv2%2Fcomments&post=7782"}],"version-history":[{"count":0,"href":"https:\/\/atecordoba.org\/index.php?rest_route=\/wp\/v2\/posts\/7782\/revisions"}],"wp:featuredmedia":[{"embeddable":true,"href":"https:\/\/atecordoba.org\/index.php?rest_route=\/wp\/v2\/media\/19220"}],"wp:attachment":[{"href":"https:\/\/atecordoba.org\/index.php?rest_route=%2Fwp%2Fv2%2Fmedia&parent=7782"}],"wp:term":[{"taxonomy":"category","embeddable":true,"href":"https:\/\/atecordoba.org\/index.php?rest_route=%2Fwp%2Fv2%2Fcategories&post=7782"},{"taxonomy":"post_tag","embeddable":true,"href":"https:\/\/atecordoba.org\/index.php?rest_route=%2Fwp%2Fv2%2Ftags&post=7782"}],"curies":[{"name":"wp","href":"https:\/\/api.w.org\/{rel}","templated":true}]}}