{"id":7775,"date":"2016-12-01T19:06:26","date_gmt":"2016-12-01T22:06:26","guid":{"rendered":"http:\/\/www.atecordoba.org\/?p=7775"},"modified":"2016-12-01T19:06:26","modified_gmt":"2016-12-01T22:06:26","slug":"reunion-entre-ate-y-aduncor-para-avanzar-conjuntamente-en-la-unc","status":"publish","type":"post","link":"https:\/\/atecordoba.org\/?p=7775","title":{"rendered":"Reuni\u00f3n entre ATE y Aduncor para avanzar conjuntamente en la UNC"},"content":{"rendered":"<p><em>Mar\u00eda Liliana Salerno mantuvo un encuentro con las dirigencia del gremio universitario donde se acord\u00f3 coordinar acciones conjuntas.<\/em><\/p>\n<p><img loading=\"lazy\" decoding=\"async\" class=\"aligncenter size-full wp-image-7776\" src=\"http:\/\/www.atecordoba.org\/wp-content\/uploads\/2016\/12\/WhatsApp-Image-2016-11-14-at-17.16.55-e1480629948587.jpeg\" alt=\"whatsapp-image-2016-11-14-at-17-16-55\" width=\"550\" height=\"413\"><\/p>\n<p>\u201cLa idea es empezar a juntarse con organizaciones gremiales, as\u00ed como sociales, para poder coordinar acciones para enfrentar el ajuste tanto a nivel nacional como provincial\u201d, explic\u00f3 Mar\u00eda Liliana Salerno, secretaria General del Consejo Directivo Provincial de ATE.<\/p>\n<p>La reuni\u00f3n se realiz\u00f3 en noviembre con la conducci\u00f3n de Aduncor (Asociaci\u00f3n Gremial de Docentes de la Universidad Nacional de C\u00f3rdoba). En la oportunidad estuvo presente su secretario General Jos\u00e9 S\u00e1nchez, el secretario Administrativo Daniel Abud y el secretario de colegios universitarios Marcelo Gonz\u00e1lez, en tanto desde ATE los recibieron en nuestro sede gremial Salerno, junto al secretario de Formaci\u00f3n Jos\u00e9 Gorozo y el Progremial Francisco Pav\u00e1n.<\/p>\n<p>Tras el encuentro qued\u00f3 como objetivo a futuro diagramar una agenda en com\u00fan a los efectos de enfrentar las diversas acciones de ajuste en lo que ata\u00f1e a la UNC y avanzar en la construcci\u00f3n de una mesa de acci\u00f3n que contenga otras organizaciones del campo popular para desarrollar un polo de poder que equilibre y oponga a las pol\u00edticas del gobierno nacional que afectan a los trabajadores estatales.<\/p>\n<p>Est\u00e1 previsto realizar nuevas reuniones ampliadas el a\u00f1o que viene.<\/p>\n","protected":false},"excerpt":{"rendered":"<p>Mar\u00eda Liliana Salerno mantuvo un encuentro con las dirigencia del gremio universitario donde se acord\u00f3 coordinar acciones conjuntas. \u201cLa idea es empezar a juntarse con organizaciones gremiales, as\u00ed como sociales, para poder coordinar acciones para enfrentar el ajuste tanto a nivel nacional como provincial\u201d, explic\u00f3 Mar\u00eda Liliana Salerno, secretaria General del Consejo Directivo Provincial de [&hellip;]<\/p>\n","protected":false},"author":1,"featured_media":19220,"comment_status":"open","ping_status":"open","sticky":false,"template":"","format":"standard","meta":{"_exactmetrics_skip_tracking":false,"_exactmetrics_sitenote_active":false,"_exactmetrics_sitenote_note":"","_exactmetrics_sitenote_category":0,"jnews-multi-image_gallery":[],"jnews_single_post":[],"jnews_primary_category":[],"jnews_social_meta":[],"jnews_review":[],"enable_review":"","type":"","name":"","summary":"","brand":"","sku":"","good":[],"bad":[],"score_override":"","override_value":"","rating":[],"price":[],"jnews_override_counter":[],"jnews_post_split":[],"footnotes":""},"categories":[10,18],"tags":[],"class_list":["post-7775","post","type-post","status-publish","format-standard","has-post-thumbnail","hentry","category-accion-politica","category-nacionales"],"jetpack_featured_media_url":"https:\/\/atecordoba.org\/wp-content\/uploads\/2020\/05\/logo-nuevochico-e1561581322808.png","_links":{"self":[{"href":"https:\/\/atecordoba.org\/index.php?rest_route=\/wp\/v2\/posts\/7775","targetHints":{"allow":["GET"]}}],"collection":[{"href":"https:\/\/atecordoba.org\/index.php?rest_route=\/wp\/v2\/posts"}],"about":[{"href":"https:\/\/atecordoba.org\/index.php?rest_route=\/wp\/v2\/types\/post"}],"author":[{"embeddable":true,"href":"https:\/\/atecordoba.org\/index.php?rest_route=\/wp\/v2\/users\/1"}],"replies":[{"embeddable":true,"href":"https:\/\/atecordoba.org\/index.php?rest_route=%2Fwp%2Fv2%2Fcomments&post=7775"}],"version-history":[{"count":0,"href":"https:\/\/atecordoba.org\/index.php?rest_route=\/wp\/v2\/posts\/7775\/revisions"}],"wp:featuredmedia":[{"embeddable":true,"href":"https:\/\/atecordoba.org\/index.php?rest_route=\/wp\/v2\/media\/19220"}],"wp:attachment":[{"href":"https:\/\/atecordoba.org\/index.php?rest_route=%2Fwp%2Fv2%2Fmedia&parent=7775"}],"wp:term":[{"taxonomy":"category","embeddable":true,"href":"https:\/\/atecordoba.org\/index.php?rest_route=%2Fwp%2Fv2%2Fcategories&post=7775"},{"taxonomy":"post_tag","embeddable":true,"href":"https:\/\/atecordoba.org\/index.php?rest_route=%2Fwp%2Fv2%2Ftags&post=7775"}],"curies":[{"name":"wp","href":"https:\/\/api.w.org\/{rel}","templated":true}]}}