{"id":7768,"date":"2016-12-01T17:09:26","date_gmt":"2016-12-01T20:09:26","guid":{"rendered":"http:\/\/www.atecordoba.org\/?p=7768"},"modified":"2016-12-01T17:09:26","modified_gmt":"2016-12-01T20:09:26","slug":"municipales-eligieron-nueva-delegada-en-salsacate","status":"publish","type":"post","link":"https:\/\/atecordoba.org\/?p=7768","title":{"rendered":"Municipales eligieron nueva delegada en Salsacate"},"content":{"rendered":"<p><em>En una elecci\u00f3n complementaria, los trabajadores municipales participaron masivamente en la votaci\u00f3n de la compa\u00f1era Luc\u00eda Britos para reemplazar a Yamila Barros, que abandon\u00f3 el cargo por problemas personales.<\/em><\/p>\n<figure id=\"attachment_7769\" aria-describedby=\"caption-attachment-7769\" style=\"width: 550px\" class=\"wp-caption aligncenter\"><img loading=\"lazy\" decoding=\"async\" class=\"wp-image-7769 size-full\" src=\"http:\/\/www.atecordoba.org\/wp-content\/uploads\/2016\/12\/delegada-electa-salsacate-e1480622904274.jpeg\" alt=\"delegada-electa-salsacate\" width=\"550\" height=\"977\"><figcaption id=\"caption-attachment-7769\" class=\"wp-caption-text\">La delegada electa (izq) junto a quien fue reemplazada.<\/figcaption><\/figure>\n<p>De esta forma, la nueva delegada cumplir\u00e1 mandato por un a\u00f1o, hasta noviembre de 2017. En la municipalidad de Salsacate hay 100 trabajadores, muchos de los cuales eligieron a ATE para organizarse gremialmente, despu\u00e9s de a\u00f1os que otra organizaci\u00f3n sindical ostentara el unicato de la representaci\u00f3n. Salasacate expresa el crecimiento organizativo de nuestro gremio en el arco noroeste del interior provincial.<\/p>\n<p>&nbsp;<\/p>\n","protected":false},"excerpt":{"rendered":"<p>En una elecci\u00f3n complementaria, los trabajadores municipales participaron masivamente en la votaci\u00f3n de la compa\u00f1era Luc\u00eda Britos para reemplazar a Yamila Barros, que abandon\u00f3 el cargo por problemas personales. De esta forma, la nueva delegada cumplir\u00e1 mandato por un a\u00f1o, hasta noviembre de 2017. En la municipalidad de Salsacate hay 100 trabajadores, muchos de los [&hellip;]<\/p>\n","protected":false},"author":1,"featured_media":19220,"comment_status":"open","ping_status":"open","sticky":false,"template":"","format":"standard","meta":{"_exactmetrics_skip_tracking":false,"_exactmetrics_sitenote_active":false,"_exactmetrics_sitenote_note":"","_exactmetrics_sitenote_category":0,"jnews-multi-image_gallery":[],"jnews_single_post":[],"jnews_primary_category":[],"jnews_social_meta":[],"jnews_review":[],"enable_review":"","type":"","name":"","summary":"","brand":"","sku":"","good":[],"bad":[],"score_override":"","override_value":"","rating":[],"price":[],"jnews_override_counter":[],"jnews_post_split":[],"footnotes":""},"categories":[20],"tags":[],"class_list":["post-7768","post","type-post","status-publish","format-standard","has-post-thumbnail","hentry","category-municipales"],"jetpack_featured_media_url":"https:\/\/atecordoba.org\/wp-content\/uploads\/2020\/05\/logo-nuevochico-e1561581322808.png","_links":{"self":[{"href":"https:\/\/atecordoba.org\/index.php?rest_route=\/wp\/v2\/posts\/7768","targetHints":{"allow":["GET"]}}],"collection":[{"href":"https:\/\/atecordoba.org\/index.php?rest_route=\/wp\/v2\/posts"}],"about":[{"href":"https:\/\/atecordoba.org\/index.php?rest_route=\/wp\/v2\/types\/post"}],"author":[{"embeddable":true,"href":"https:\/\/atecordoba.org\/index.php?rest_route=\/wp\/v2\/users\/1"}],"replies":[{"embeddable":true,"href":"https:\/\/atecordoba.org\/index.php?rest_route=%2Fwp%2Fv2%2Fcomments&post=7768"}],"version-history":[{"count":0,"href":"https:\/\/atecordoba.org\/index.php?rest_route=\/wp\/v2\/posts\/7768\/revisions"}],"wp:featuredmedia":[{"embeddable":true,"href":"https:\/\/atecordoba.org\/index.php?rest_route=\/wp\/v2\/media\/19220"}],"wp:attachment":[{"href":"https:\/\/atecordoba.org\/index.php?rest_route=%2Fwp%2Fv2%2Fmedia&parent=7768"}],"wp:term":[{"taxonomy":"category","embeddable":true,"href":"https:\/\/atecordoba.org\/index.php?rest_route=%2Fwp%2Fv2%2Fcategories&post=7768"},{"taxonomy":"post_tag","embeddable":true,"href":"https:\/\/atecordoba.org\/index.php?rest_route=%2Fwp%2Fv2%2Ftags&post=7768"}],"curies":[{"name":"wp","href":"https:\/\/api.w.org\/{rel}","templated":true}]}}