{"id":7735,"date":"2016-11-30T19:55:40","date_gmt":"2016-11-30T22:55:40","guid":{"rendered":"http:\/\/www.atecordoba.org\/?p=7735"},"modified":"2016-11-30T19:55:40","modified_gmt":"2016-11-30T22:55:40","slug":"festejos-por-el-dia-del-trabajador-municipal-en-distintas-localidad-del-interior-provincial","status":"publish","type":"post","link":"https:\/\/atecordoba.org\/?p=7735","title":{"rendered":"Festejos por el d\u00eda del trabajador municipal en distintas localidad del interior provincial"},"content":{"rendered":"<p><em>En Unquillo, Quilino y San Carlos Minas, los municipales festejaron su d\u00eda a instancias de la organizaci\u00f3n de ATE en cada localidad.<\/em><\/p>\n<p><img loading=\"lazy\" decoding=\"async\" class=\"aligncenter size-full wp-image-7738\" src=\"http:\/\/www.atecordoba.org\/wp-content\/uploads\/2016\/11\/WhatsApp-Image-2016-11-29-at-17.45.22-e1480546461732.jpeg\" alt=\"whatsapp-image-2016-11-29-at-17-45-22\" width=\"550\" height=\"310\"><\/p>\n<p>Con motivo de celebrarse el d\u00eda del trabajador municipal los cuerpos de delegados de ATE de las localidad de San Carlos Minas, Quilino y Unquilo realizaron sendos festejos en cada localidad.<\/p>\n<p>En San Carlos Minas la celebraci\u00f3n se realiz\u00f3 el pasado 18 de noviembre y cont\u00f3 con la presencia de los compa\u00f1eros del Consejo Directivo Provincial Luis Barcena, secretario Adjunto, y Alejandro Murua, secretario de Interior. Ese mismo d\u00eda tambi\u00e9n celebraron los municipales de Unquillo, con guitarreada y mucha alegr\u00eda en el local de nuestro gremio.<\/p>\n<p><img loading=\"lazy\" decoding=\"async\" class=\"aligncenter size-full wp-image-7741\" src=\"http:\/\/www.atecordoba.org\/wp-content\/uploads\/2016\/11\/WhatsApp-Image-2016-11-29-at-17.42.36-e1480546503159.jpeg\" alt=\"whatsapp-image-2016-11-29-at-17-42-36\" width=\"550\" height=\"330\"><\/p>\n<p>Por su parte, los compa\u00f1eros de Quilino se reunieron el viernes 25 del corriente y festejaron fraternalmente su d\u00eda.<\/p>\n<p>Vale se\u00f1alar que estos festejos sirvieron para solidificar los lazos entre los trabajadores municipales y refrendar el compromiso en el marco de los lineamientos que ATE viene proponiendo al sector, en franco crecimiento organizativo.<\/p>\n","protected":false},"excerpt":{"rendered":"<p>En Unquillo, Quilino y San Carlos Minas, los municipales festejaron su d\u00eda a instancias de la organizaci\u00f3n de ATE en cada localidad. Con motivo de celebrarse el d\u00eda del trabajador municipal los cuerpos de delegados de ATE de las localidad de San Carlos Minas, Quilino y Unquilo realizaron sendos festejos en cada localidad. En San [&hellip;]<\/p>\n","protected":false},"author":1,"featured_media":19220,"comment_status":"open","ping_status":"open","sticky":false,"template":"","format":"standard","meta":{"_exactmetrics_skip_tracking":false,"_exactmetrics_sitenote_active":false,"_exactmetrics_sitenote_note":"","_exactmetrics_sitenote_category":0,"jnews-multi-image_gallery":[],"jnews_single_post":[],"jnews_primary_category":[],"jnews_social_meta":[],"jnews_review":[],"enable_review":"","type":"","name":"","summary":"","brand":"","sku":"","good":[],"bad":[],"score_override":"","override_value":"","rating":[],"price":[],"jnews_override_counter":[],"jnews_post_split":[],"footnotes":""},"categories":[20],"tags":[],"class_list":["post-7735","post","type-post","status-publish","format-standard","has-post-thumbnail","hentry","category-municipales"],"jetpack_featured_media_url":"https:\/\/atecordoba.org\/wp-content\/uploads\/2020\/05\/logo-nuevochico-e1561581322808.png","_links":{"self":[{"href":"https:\/\/atecordoba.org\/index.php?rest_route=\/wp\/v2\/posts\/7735","targetHints":{"allow":["GET"]}}],"collection":[{"href":"https:\/\/atecordoba.org\/index.php?rest_route=\/wp\/v2\/posts"}],"about":[{"href":"https:\/\/atecordoba.org\/index.php?rest_route=\/wp\/v2\/types\/post"}],"author":[{"embeddable":true,"href":"https:\/\/atecordoba.org\/index.php?rest_route=\/wp\/v2\/users\/1"}],"replies":[{"embeddable":true,"href":"https:\/\/atecordoba.org\/index.php?rest_route=%2Fwp%2Fv2%2Fcomments&post=7735"}],"version-history":[{"count":0,"href":"https:\/\/atecordoba.org\/index.php?rest_route=\/wp\/v2\/posts\/7735\/revisions"}],"wp:featuredmedia":[{"embeddable":true,"href":"https:\/\/atecordoba.org\/index.php?rest_route=\/wp\/v2\/media\/19220"}],"wp:attachment":[{"href":"https:\/\/atecordoba.org\/index.php?rest_route=%2Fwp%2Fv2%2Fmedia&parent=7735"}],"wp:term":[{"taxonomy":"category","embeddable":true,"href":"https:\/\/atecordoba.org\/index.php?rest_route=%2Fwp%2Fv2%2Fcategories&post=7735"},{"taxonomy":"post_tag","embeddable":true,"href":"https:\/\/atecordoba.org\/index.php?rest_route=%2Fwp%2Fv2%2Ftags&post=7735"}],"curies":[{"name":"wp","href":"https:\/\/api.w.org\/{rel}","templated":true}]}}