{"id":7721,"date":"2016-11-30T19:09:00","date_gmt":"2016-11-30T22:09:00","guid":{"rendered":"http:\/\/www.atecordoba.org\/?p=7721"},"modified":"2016-11-30T19:09:00","modified_gmt":"2016-11-30T22:09:00","slug":"hugo-godoy-visito-rio-3o-e-insto-a-los-trabajadores-a-ser-protagonistas","status":"publish","type":"post","link":"https:\/\/atecordoba.org\/?p=7721","title":{"rendered":"Hugo Godoy visit\u00f3 R\u00edo Tercero e inst\u00f3 a los estatales a ser protagonistas"},"content":{"rendered":"<p><em>Durante una larga jornada de actividades desarrollada ayer, el secretario General del Consejo Nacional, junto con la secretaria General de ATE C\u00f3rdoba, Mar\u00eda Liliana Salerno, y su par de R\u00edo Tercero, Cristian Colman, recorri\u00f3 la F\u00e1brica Militar y particip\u00f3 de una asamblea donde estuvieron tambi\u00e9n compa\u00f1eros del sector nuclear, que realizaron un plenario en la seccional.&nbsp;<\/em><\/p>\n<p><img loading=\"lazy\" decoding=\"async\" class=\"aligncenter size-full wp-image-7722\" src=\"http:\/\/www.atecordoba.org\/wp-content\/uploads\/2016\/11\/asamblea-e1480543230123.jpg\" alt=\"asamblea\" width=\"550\" height=\"309\"><\/p>\n<p>Los trabajadores de la F\u00e1brica Militar de R\u00edo Tercero realizaron ayer una asamblea que cont\u00f3 con la participaci\u00f3n de los delegados de juntas internas del sector nuclear y militar de Neuqu\u00e9n (Empresa Neuquina de Servicios de Ingenier\u00eda) y de Atucha 1 y 2, de la provincia de Buenos Aires.&nbsp;<\/p>\n<p><span style=\"font-style: inherit; font-weight: inherit;\">Asisti\u00f3 tambi\u00e9n en el Secretario General de ATE, Hugo Godoy, en un hecho hist\u00f3rico porque es la primera vez que un titular del sindicato visitaba el establecimiento.<\/span><\/p>\n<p><img loading=\"lazy\" decoding=\"async\" class=\"aligncenter size-full wp-image-7723\" src=\"http:\/\/www.atecordoba.org\/wp-content\/uploads\/2016\/11\/asamblea-2-e1480543296843.jpg\" alt=\"asamblea-2\" width=\"550\" height=\"309\"><\/p>\n<p><span style=\"font-style: inherit; font-weight: inherit;\">La jornada continuar\u00e1 con otro encuentro en la planta nuclear de la localidad de Embalse y una conferencia de prensa al finalizar la tarde. En tanto, hoy en Rio Tercero se realiz\u00f3&nbsp;un plenario nacional de trabajadores del sector nuclear.<\/span><\/p>\n<p><span style=\"font-style: inherit; font-weight: inherit;\">Con el objetivo de continuar visibilizando la necesidad de que la f\u00e1brica militar pase de ser una planta de reparaciones a una unidad productiva, el titular de ATE recorri\u00f3 las instalaciones junto a la Secretaria General del Consejo Directivo de ATE C\u00f3rdoba, Liliana Salerno, el Secretario General de la seccional local, Cristian Colman, y el Secretario Gremial de ATE Buenos Aires, C\u00e9sar Bali\u00f1a.<\/span><\/p>\n<p><span style=\"font-style: inherit; font-weight: inherit;\">Los dirigentes, adem\u00e1s, participaron de una reuni\u00f3n con el Director de Fabricaciones Militares de Rio Tercero, Coronel Rafael Guerrero. &nbsp;<\/span><\/p>\n<p><img loading=\"lazy\" decoding=\"async\" class=\"aligncenter size-full wp-image-7726\" src=\"http:\/\/www.atecordoba.org\/wp-content\/uploads\/2016\/11\/reunion-con-el-milico-2-1-e1480543431836.jpg\" alt=\"reunion-con-el-milico-2\" width=\"550\" height=\"309\"><\/p>\n<p>&nbsp;<\/p>\n<p><span style=\"font-style: inherit; font-weight: inherit;\">En ese marco, Hugo Godoy habl\u00f3 de la importancia de la organizaci\u00f3n y de la necesidad de fomentar la producci\u00f3n:&nbsp;\u201cLa crisis que hay en nuestro pa\u00eds tiene que ver con el abandono por parte del Estado del desarrollo de \u00e1reas productivas propias, que dinamicen el conjunto de la industria y la econom\u00eda del pa\u00eds. Nosotros creemos que adem\u00e1s el tema productivo y la capacidad de intervenci\u00f3n del Estado en estas \u00e1reas son fundamentales. El sindicato que tenemos que construir es un gremio que no se subordine nunca a ning\u00fan gobierno, y por eso los invitamos a ser protagonistas, a que participen en las asambleas, en las discusiones en los talleres de formaci\u00f3n, que aprendamos como lograr hacer un gremio m\u00e1s poderoso al servicio de las trabajadoras y trabajadores. El a\u00f1o que viene va a ser un a\u00f1o donde nosotros tenemos que poner todo el esfuerzo para que la f\u00e1brica entre en plena producci\u00f3n, por ejemplo podemos articular las producci\u00f3n de esta planta con las necesidades de la Mina de R\u00edo Turbio. Esta capacidad productiva que tiene esta fabrica es enorme y tiene que producir para el pa\u00eds\u201d.<\/span><\/p>\n<p><img loading=\"lazy\" decoding=\"async\" class=\"aligncenter size-full wp-image-7727\" src=\"http:\/\/www.atecordoba.org\/wp-content\/uploads\/2016\/11\/vagon-cerealero-e1480543484837.jpg\" alt=\"vagon-cerealero\" width=\"550\" height=\"309\"><\/p>\n<p><span style=\"font-style: inherit; font-weight: inherit;\">Por su parte, Mar\u00eda Liliana Salerno, que adem\u00e1s es trabajadora de la FM de R\u00edo Tercero, destac\u00f3 el valor de &nbsp;la solidaridad:&nbsp;\u201cSi esta f\u00e1brica est\u00e1 donde est\u00e1 hoy, es por la lucha de los trabajadores. Las \u00e9pocas son dif\u00edciles, pero la lucha nos va a mantener. Sector que no pueda mantener la lucha, sector que se lo lleva puesto el gobierno. Ya pas\u00f3 durante el menemismo, por lo tanto hoy m\u00e1s que nunca la unidad y la solidaridad tienen que estar presentes compa\u00f1eros\u201d.<\/span><\/p>\n<p><img loading=\"lazy\" decoding=\"async\" class=\"aligncenter size-full wp-image-7728\" src=\"http:\/\/www.atecordoba.org\/wp-content\/uploads\/2016\/11\/fabrica-e1480543514700.jpg\" alt=\"fabrica\" width=\"550\" height=\"309\"><\/p>\n<p><span style=\"font-style: inherit; font-weight: inherit;\">Para finalizar la recorrida, Godoy hizo una l\u00ednea de tiempo con la lucha de los trabajadores de la F\u00e1brica Militar:&nbsp;\u201cLa memoria es lo que nos ayuda a construir mejor el futuro. Esperamos que nosotros podamos defender esta panta con la misma firmeza que lo hicieron las trabajadoras y trabajadores en los \u201890. Si el Estado no est\u00e1 al servicio de las mayor\u00edas populares, la indignidad nos va a inundar tambi\u00e9n a los trabajadores. Estamos atravesando un tiempo complejo en la Argentina, donde se vuelve a poner en el primer orden de discusi\u00f3n el sentido del Estado. Hace pocos meses atr\u00e1s, bajo la excusa de que \u00e9ramos&nbsp;\u00f1oquis&nbsp;nos despidieron m\u00e1s de 11 mil trabajadores. La solidaridad es la clave, pero tenemos que ser conscientes de que estamos dispersos por todo el pa\u00eds y por eso es importante tener un gremio que nos una y que nos organice. Hemos logrado en Fabricaciones Militares que se garantice el pase a planta de todos los trabajadores precarios, pero vamos a mantener la guardia en alto, porque sabemos de funcionarios que dicen una cosa y hacen otra, pero nosotros confiamos en nuestra fuerza de organizaci\u00f3n. Sigamos proyectando y so\u00f1ando juntos, porque lo mejor de los sue\u00f1os es hacerlos realidad\u201d.<\/span><\/p>\n<p><strong>Conferencia de prensa<\/strong><\/p>\n<p><img loading=\"lazy\" decoding=\"async\" class=\"aligncenter size-full wp-image-7729\" src=\"http:\/\/www.atecordoba.org\/wp-content\/uploads\/2016\/11\/5-1-e1480543577214.jpg\" alt=\"5\" width=\"550\" height=\"309\"><\/p>\n<p>Al mediod\u00eda, Godoy, junto a Salerno y Colman, recibieron a la prensa local en la seccional donde el dirigente nacional verti\u00f3 conceptos claros sobre el estado general que afrontan los estatales en este fin de a\u00f1o.&nbsp;<\/p>\n<p>En tal sentido, el secretario General del CDN enfatiz\u00f3 que &#8220;estamos pidiendo el pase a planta de los 90 mil compa\u00f1eros precarizados del Estado nacional. El gobierno se comprometi\u00f3 a no producir despidos masivos pero ese compromiso no alcanza porque ya nos pas\u00f3 este a\u00f1o que dicen una cosa y hacen otra y que por lo tanto necesitamos hechos concretos&#8221;.<\/p>\n<p>En esa l\u00ednea Godoy inform\u00f3 que &#8220;uno de estos hechos ya fue dado a trav\u00e9s&nbsp;de un acuerdo en el \u00e1mbito de la paritaria: los concursos cerrados exclusivamente para el pase a planta permanente del personal que est\u00e1 cumpliendo funciones de manera precaria. Ahora falta establecer el cronograma para ir viendo que cantidades y en qu\u00e9 fechas se va a ir pasando a planta permanente&#8221;.<\/p>\n<p><img loading=\"lazy\" decoding=\"async\" class=\"aligncenter size-full wp-image-7730\" src=\"http:\/\/www.atecordoba.org\/wp-content\/uploads\/2016\/11\/1-3-e1480543607628.jpg\" alt=\"1\" width=\"550\" height=\"309\"><\/p>\n<p>Y remarc\u00f3 la presencia de ATE en Fabricaciones Militares &#8220;sector donde tenemos mas avanzado el tema del pase a planta, pero que&nbsp;no va a estar aislado de una decisi\u00f3n colectiva general. Por eso es que le reclamamos al ministro Ibarra que antes de fin de a\u00f1o podamos firmar ese cronograma en el \u00e1mbito paritario. Nosotros decimos que de los 90 mil trabajadores precarizados hay 12 mil que tienen mas de 10 a\u00f1os de antig\u00fcedad. Hay 4500 que ya hicieron concursos y est\u00e1 completo el expediente por lo tanto sostenemos que esos 16500 compa\u00f1eros son prioridad absoluta para la planta permanente de ac\u00e1 a la primera mitad del a\u00f1o que viene&#8221;.<\/p>\n<p><strong>Plenario<\/strong><\/p>\n<p>A su vez, el Plenario Nacional del Sector Nuclear se desarroll\u00f3 normalmente en seccional con la presencia de compa\u00f1eros de la Central Nuclear Embalse,Central Nuclear Atucha 1 y Central Nuclear Atucha 2, PIAP (planta agua pesada de Neuquen), Edificio Central de Arribe\u00f1os, Dioxitec C\u00f3rdoba, Unidad de Gesti\u00f3n y la presencia de compa\u00f1eros dirigentes de ATE provincia de Buenos Aires.<\/p>\n<p><img loading=\"lazy\" decoding=\"async\" class=\"aligncenter size-full wp-image-7731\" src=\"http:\/\/www.atecordoba.org\/wp-content\/uploads\/2016\/11\/1-plenario-nuclear-ri-tercero-e1480543666795.jpg\" alt=\"1-plenario-nuclear-ri-tercero\" width=\"550\" height=\"309\"><\/p>\n<p>El debate gir\u00f3 alrededor de definir estrategias de crecimiento y fortalecimiento de los distintos sectores. &#8220;La posici\u00f3n de ATE es clara defender la producci\u00f3n y el desarrollo cient\u00edfico-tecnologico nacional para defender nuestra soberan\u00eda e independencia&#8221;, expres\u00f3 la seccional R\u00edo Tercero a trav\u00e9s de un comunicado.<\/p>\n<p>&nbsp;<\/p>\n","protected":false},"excerpt":{"rendered":"<p>Durante una larga jornada de actividades desarrollada ayer, el secretario General del Consejo Nacional, junto con la secretaria General de ATE C\u00f3rdoba, Mar\u00eda Liliana Salerno, y su par de R\u00edo Tercero, Cristian Colman, recorri\u00f3 la F\u00e1brica Militar y particip\u00f3 de una asamblea donde estuvieron tambi\u00e9n compa\u00f1eros del sector nuclear, que realizaron un plenario en la [&hellip;]<\/p>\n","protected":false},"author":1,"featured_media":19220,"comment_status":"open","ping_status":"open","sticky":false,"template":"","format":"standard","meta":{"_exactmetrics_skip_tracking":false,"_exactmetrics_sitenote_active":false,"_exactmetrics_sitenote_note":"","_exactmetrics_sitenote_category":0,"jnews-multi-image_gallery":[],"jnews_single_post":[],"jnews_primary_category":[],"jnews_social_meta":[],"jnews_review":[],"enable_review":"","type":"","name":"","summary":"","brand":"","sku":"","good":[],"bad":[],"score_override":"","override_value":"","rating":[],"price":[],"jnews_override_counter":[],"jnews_post_split":[],"footnotes":""},"categories":[17,18,13],"tags":[],"class_list":["post-7721","post","type-post","status-publish","format-standard","has-post-thumbnail","hentry","category-fabricaciones-militares","category-nacionales","category-rio-tercero"],"jetpack_featured_media_url":"https:\/\/atecordoba.org\/wp-content\/uploads\/2020\/05\/logo-nuevochico-e1561581322808.png","_links":{"self":[{"href":"https:\/\/atecordoba.org\/index.php?rest_route=\/wp\/v2\/posts\/7721","targetHints":{"allow":["GET"]}}],"collection":[{"href":"https:\/\/atecordoba.org\/index.php?rest_route=\/wp\/v2\/posts"}],"about":[{"href":"https:\/\/atecordoba.org\/index.php?rest_route=\/wp\/v2\/types\/post"}],"author":[{"embeddable":true,"href":"https:\/\/atecordoba.org\/index.php?rest_route=\/wp\/v2\/users\/1"}],"replies":[{"embeddable":true,"href":"https:\/\/atecordoba.org\/index.php?rest_route=%2Fwp%2Fv2%2Fcomments&post=7721"}],"version-history":[{"count":0,"href":"https:\/\/atecordoba.org\/index.php?rest_route=\/wp\/v2\/posts\/7721\/revisions"}],"wp:featuredmedia":[{"embeddable":true,"href":"https:\/\/atecordoba.org\/index.php?rest_route=\/wp\/v2\/media\/19220"}],"wp:attachment":[{"href":"https:\/\/atecordoba.org\/index.php?rest_route=%2Fwp%2Fv2%2Fmedia&parent=7721"}],"wp:term":[{"taxonomy":"category","embeddable":true,"href":"https:\/\/atecordoba.org\/index.php?rest_route=%2Fwp%2Fv2%2Fcategories&post=7721"},{"taxonomy":"post_tag","embeddable":true,"href":"https:\/\/atecordoba.org\/index.php?rest_route=%2Fwp%2Fv2%2Ftags&post=7721"}],"curies":[{"name":"wp","href":"https:\/\/api.w.org\/{rel}","templated":true}]}}