{"id":7714,"date":"2016-11-30T17:43:25","date_gmt":"2016-11-30T20:43:25","guid":{"rendered":"http:\/\/www.atecordoba.org\/?p=7714"},"modified":"2016-11-30T17:43:25","modified_gmt":"2016-11-30T20:43:25","slug":"ate-inauguro-el-local-de-su-nueva-delegacion-en-bell-ville","status":"publish","type":"post","link":"https:\/\/atecordoba.org\/?p=7714","title":{"rendered":"ATE inaugur\u00f3 el local de su nueva delegaci\u00f3n en Bell Ville"},"content":{"rendered":"<p><em>En los \u201990 fue una de las seccionales m\u00e1s pujantes de la provincia y con el crecimiento de afiliados municipales hoy volvi\u00f3 a ser delegaci\u00f3n.<\/em><\/p>\n<p><img loading=\"lazy\" decoding=\"async\" class=\"aligncenter size-full wp-image-7715\" src=\"http:\/\/www.atecordoba.org\/wp-content\/uploads\/2016\/11\/salerno-e1480538436593.jpg\" alt=\"salerno\" width=\"550\" height=\"349\"><\/p>\n<p>Ubicada a 200 kil\u00f3metros de la capital y otro tanto de Rosario, Bell Ville fue durante la d\u00e9cada del \u201990 una seccional de pujante lucha que la destrucci\u00f3n del Estado y la aniquilaci\u00f3n de los puestos de trabajo apagaron como a una llama.<\/p>\n<p>As\u00ed lo record\u00f3 la secretaria General de ATE C\u00f3rdoba, Liliana Salerno, quien organiz\u00f3 el acto acompa\u00f1ada de Oscar Mengarelli, miembro de la comisi\u00f3n normalizadora nacional de jubilados (ex Secretario General de ATE y CTA en la provincia) y hasta Pablo \u00c1lvarez, un hist\u00f3rico delegado del municipio que particip\u00f3 en 1991 de la fundaci\u00f3n de Congreso de los Trabajadores Argentinos, posteriormente CTA.<\/p>\n<p><img loading=\"lazy\" decoding=\"async\" class=\"aligncenter size-full wp-image-7716\" src=\"http:\/\/www.atecordoba.org\/wp-content\/uploads\/2016\/11\/columna-e1480538476238.jpg\" alt=\"columna\" width=\"550\" height=\"345\"><\/p>\n<p>Sin embargo, la creciente afiliaci\u00f3n de trabajadores del municipio a ATE -como ocurre en todo el pa\u00eds- logr\u00f3 revertir aquella situaci\u00f3n. Hoy el sindicato formaliz\u00f3 a Bell Ville como delegaci\u00f3n, con la inauguraci\u00f3n de su sede.<\/p>\n<p>Hasta all\u00ed arrib\u00f3 el Secretario General de ATE, Hugo Godoy, quien expres\u00f3 que la premisa de reinventar el sindicato que ti\u00f1e su conducci\u00f3n tiene como objetivo alcanzar los 400 mil afiliados, las 300 seccionales y la elecci\u00f3n de delegados en todos los sectores de trabajo.<\/p>\n<p><img loading=\"lazy\" decoding=\"async\" class=\"aligncenter size-full wp-image-7717\" src=\"http:\/\/www.atecordoba.org\/wp-content\/uploads\/2016\/11\/cinta-e1480538517417.jpg\" alt=\"cinta\" width=\"550\" height=\"337\"><\/p>\n<p>\u201cBell Ville es el ejemplo de que no nos equivocamos en el rumbo ni en la apertura del sindicato para que todos aquellos afiliados que a\u00f1os atr\u00e1s no conoc\u00edamos y ahora protagonizan el crecimiento. Hay que confiar en la clase trabajadora\u201d, sentenci\u00f3 el dirigente.<\/p>\n<p>Y augur\u00f3 ante los presentes, mayormente trabajadores municipales, que ATE bregar\u00e1 para que el sector deje de ser el \u00faltimo orej\u00f3n del tarro en el Estado &#8220;al que se le niega convenio colectivo, salario m\u00ednimo y una asignaci\u00f3n familiar equivalente a la percibida por los estatales nacionales&#8221;.&nbsp;<\/p>\n<p><img loading=\"lazy\" decoding=\"async\" class=\"size-full wp-image-7718 aligncenter\" src=\"http:\/\/www.atecordoba.org\/wp-content\/uploads\/2016\/11\/WhatsApp-Image-2016-11-30-at-12.56.01-e1480538547770.jpeg\" alt=\"whatsapp-image-2016-11-30-at-12-56-01\" width=\"330\" height=\"550\"><\/p>\n<p>A su lado se encontraba Fernando Mercado, secretario General de la seccional Villa Mar\u00eda. El dirigente advirti\u00f3 que \u201cATE no llega a la ciudad a robarle afiliados a nadie\u201d, sino para representar a todos aquellos trabajadores que no se sienten representados.&nbsp;<\/p>\n<p>\u201cEl Estado es un solo. Pero la administraci\u00f3n municipal es la m\u00e1s castigada. Cada intendente se siente due\u00f1o de las ciudades. Es dif\u00edcil discutir con ellos. Nosotros venimos a dialogar, pero sepan, que vinimos para quedarnos y no abandonar ninguna pelea\u201d, remat\u00f3.<\/p>\n<p><img loading=\"lazy\" decoding=\"async\" class=\"aligncenter size-full wp-image-7719\" src=\"http:\/\/www.atecordoba.org\/wp-content\/uploads\/2016\/11\/WhatsApp-Image-2016-11-30-at-12.57.07-e1480538593162.jpeg\" alt=\"whatsapp-image-2016-11-30-at-12-57-07\" width=\"550\" height=\"330\"><\/p>\n<p><strong>Reuni\u00f3n en la municipalidad<\/strong><\/p>\n<p>Antes de inaugurar el local, los dirigentes de ATE encabezaron una columna de compa\u00f1eros que se dirigi\u00f3 a la municipalidad de Bell Ville, donde mantuvieron una reuni\u00f3n con el secretario de Gobierno Sebastian Bonini.<\/p>\n<p>Godoy, Salerno y Mercado, junto al secretario Adjunto del CDP, Luis Barcena, plantearon a la comuna la necesidad de que se produzca una apertura institucional que d\u00e9 espacio a ATE conjuntamente al otro gremio municipal de la ciudad, para la normal convivencia de las organizaciones sindicales que representan a los trabajadores.<\/p>\n<p><img loading=\"lazy\" decoding=\"async\" class=\"aligncenter size-full wp-image-7772\" src=\"http:\/\/www.atecordoba.org\/wp-content\/uploads\/2016\/11\/reunion-con-intendente-e1480627116146.jpg\" alt=\"reunion-con-intendente\" width=\"550\" height=\"413\"><\/p>\n<p>A su vez, ATE expuso el reclamo de los afiliados municipales para recibir una compensaci\u00f3n salarial de fin de a\u00f1o, dada la p\u00e9rdida de poder adquisitivo sufrida en 2016 por el proceso inflacionario. Esa compensaci\u00f3n, que debe plantearse por medio de la reapertura de paritarias, puede incluir un bono de fin de a\u00f1o asi como bonificaciones remunerativas en consonancia a los planteado por nuestro gremio a nivel nacional.<\/p>\n<p>En esa l\u00ednea, los dirigentes reclamaron que la mesa de relaciones laborales del municipio aborde los despidos que el ejecutivo realiz\u00f3 recientemente sin causa y comience a analizarse de manera conjunta las condiciones de trabajo.<\/p>\n<p>Bonini, por su parte, se comprometi\u00f3 a realizar otra reuni\u00f3n el martes 13 de diciembre para avanzar en los planteos realizados. Ese mismo d\u00eda ATE realizar\u00e1 la elecci\u00f3n de delegados.<\/p>\n","protected":false},"excerpt":{"rendered":"<p>En los \u201990 fue una de las seccionales m\u00e1s pujantes de la provincia y con el crecimiento de afiliados municipales hoy volvi\u00f3 a ser delegaci\u00f3n. Ubicada a 200 kil\u00f3metros de la capital y otro tanto de Rosario, Bell Ville fue durante la d\u00e9cada del \u201990 una seccional de pujante lucha que la destrucci\u00f3n del Estado [&hellip;]<\/p>\n","protected":false},"author":1,"featured_media":19220,"comment_status":"open","ping_status":"open","sticky":false,"template":"","format":"standard","meta":{"_exactmetrics_skip_tracking":false,"_exactmetrics_sitenote_active":false,"_exactmetrics_sitenote_note":"","_exactmetrics_sitenote_category":0,"jnews-multi-image_gallery":[],"jnews_single_post":[],"jnews_primary_category":[],"jnews_social_meta":[],"jnews_review":[],"enable_review":"","type":"","name":"","summary":"","brand":"","sku":"","good":[],"bad":[],"score_override":"","override_value":"","rating":[],"price":[],"jnews_override_counter":[],"jnews_post_split":[],"footnotes":""},"categories":[20,14],"tags":[],"class_list":["post-7714","post","type-post","status-publish","format-standard","has-post-thumbnail","hentry","category-municipales","category-villa-maria"],"jetpack_featured_media_url":"https:\/\/atecordoba.org\/wp-content\/uploads\/2020\/05\/logo-nuevochico-e1561581322808.png","_links":{"self":[{"href":"https:\/\/atecordoba.org\/index.php?rest_route=\/wp\/v2\/posts\/7714","targetHints":{"allow":["GET"]}}],"collection":[{"href":"https:\/\/atecordoba.org\/index.php?rest_route=\/wp\/v2\/posts"}],"about":[{"href":"https:\/\/atecordoba.org\/index.php?rest_route=\/wp\/v2\/types\/post"}],"author":[{"embeddable":true,"href":"https:\/\/atecordoba.org\/index.php?rest_route=\/wp\/v2\/users\/1"}],"replies":[{"embeddable":true,"href":"https:\/\/atecordoba.org\/index.php?rest_route=%2Fwp%2Fv2%2Fcomments&post=7714"}],"version-history":[{"count":0,"href":"https:\/\/atecordoba.org\/index.php?rest_route=\/wp\/v2\/posts\/7714\/revisions"}],"wp:featuredmedia":[{"embeddable":true,"href":"https:\/\/atecordoba.org\/index.php?rest_route=\/wp\/v2\/media\/19220"}],"wp:attachment":[{"href":"https:\/\/atecordoba.org\/index.php?rest_route=%2Fwp%2Fv2%2Fmedia&parent=7714"}],"wp:term":[{"taxonomy":"category","embeddable":true,"href":"https:\/\/atecordoba.org\/index.php?rest_route=%2Fwp%2Fv2%2Fcategories&post=7714"},{"taxonomy":"post_tag","embeddable":true,"href":"https:\/\/atecordoba.org\/index.php?rest_route=%2Fwp%2Fv2%2Ftags&post=7714"}],"curies":[{"name":"wp","href":"https:\/\/api.w.org\/{rel}","templated":true}]}}