{"id":7708,"date":"2016-11-30T00:49:07","date_gmt":"2016-11-30T03:49:07","guid":{"rendered":"http:\/\/www.atecordoba.org\/?p=7708"},"modified":"2016-11-30T00:49:07","modified_gmt":"2016-11-30T03:49:07","slug":"la-muerte-de-fidel-castro-genera-un-vacio-de-referentes-en-el-mundo","status":"publish","type":"post","link":"https:\/\/atecordoba.org\/?p=7708","title":{"rendered":"La muerte de Fidel Castro genera un vac\u00edo de referentes en el mundo"},"content":{"rendered":"<p><em>El Consejo Directivo Provincial expresa su pesar y reconocimiento para la figura de Fidel Castro, revolucionario latinoamericano que ense\u00f1\u00f3 c\u00f3mo enfrentar al imperio sin disparar, porque la salud, la educaci\u00f3n y las convicciones pudieron m\u00e1s que las balas.<\/em><\/p>\n<p><img loading=\"lazy\" decoding=\"async\" class=\"aligncenter size-full wp-image-7709\" src=\"http:\/\/www.atecordoba.org\/wp-content\/uploads\/2016\/11\/fidel-castro-1-e1480459644870.jpg\" alt=\"fidel-castro-1\" width=\"550\" height=\"434\"><\/p>\n<p>Si bien fue la lucha del ej\u00e9rcito guerrillero quien ech\u00f3 del poder al dictador Fulgencio Batista, all\u00e1 por el 59, casi sesenta a\u00f1os despu\u00e9s admiramos a los hermanos cubanos resistir la agresi\u00f3n permanente norteamericana, bajo la conducci\u00f3n l\u00facida del Comandante Fidel Castroa, que pas\u00f3 a la inmortalidad, tal como otros l\u00edderes latinoamericanos que integran la primera l\u00ednea de pr\u00f3ceres populares: San Mart\u00edn, Bolivar, Per\u00f3n, Sandino, Zapata, Chavez y pocos m\u00e1s que supieron reunir los anhelos de libertad y justicia de los pueblos del continente.<\/p>\n<p>No hace falta acordar en todo para reconocer en Fidel a un hombre diferente, que defendi\u00f3 la dignidad de los cubanos. Los trabajadores estatales&nbsp;lo despedimos con todo nuestro cari\u00f1o y respeto.<\/p>\n<p>Un poema del Che Guevara quiz\u00e1s resuma parte del esp\u00edritu del l\u00edder que ahora descansa, dej\u00e1ndonos ense\u00f1anzas que no deben olvidarse nunca:&nbsp;<\/p>\n<p>&#8220;V\u00e1monos,<br \/>\nardiente profeta de la aurora,<br \/>\npor rec\u00f3nditos senderos inal\u00e1mbricos<br \/>\na liderar el verde caim\u00e1n que tanto amas.<br \/>\nV\u00e1monos,<br \/>\nderrotando afrentas con la frente<br \/>\nplena de martianas estrellas insurrectas,<br \/>\njuremos lograr el triunfo o encontrar la muerte&#8221;<\/p>\n<p style=\"text-align: right;\">Mar\u00eda Liliana Salerno<\/p>\n<p style=\"text-align: right;\">Secretaria General&nbsp;<\/p>\n<p style=\"text-align: right;\">&nbsp;<\/p>\n","protected":false},"excerpt":{"rendered":"<p>El Consejo Directivo Provincial expresa su pesar y reconocimiento para la figura de Fidel Castro, revolucionario latinoamericano que ense\u00f1\u00f3 c\u00f3mo enfrentar al imperio sin disparar, porque la salud, la educaci\u00f3n y las convicciones pudieron m\u00e1s que las balas. Si bien fue la lucha del ej\u00e9rcito guerrillero quien ech\u00f3 del poder al dictador Fulgencio Batista, all\u00e1 [&hellip;]<\/p>\n","protected":false},"author":1,"featured_media":19220,"comment_status":"open","ping_status":"open","sticky":false,"template":"","format":"standard","meta":{"_exactmetrics_skip_tracking":false,"_exactmetrics_sitenote_active":false,"_exactmetrics_sitenote_note":"","_exactmetrics_sitenote_category":0,"jnews-multi-image_gallery":[],"jnews_single_post":[],"jnews_primary_category":[],"jnews_social_meta":[],"jnews_review":[],"enable_review":"","type":"","name":"","summary":"","brand":"","sku":"","good":[],"bad":[],"score_override":"","override_value":"","rating":[],"price":[],"jnews_override_counter":[],"jnews_post_split":[],"footnotes":""},"categories":[10],"tags":[],"class_list":["post-7708","post","type-post","status-publish","format-standard","has-post-thumbnail","hentry","category-accion-politica"],"jetpack_featured_media_url":"https:\/\/atecordoba.org\/wp-content\/uploads\/2020\/05\/logo-nuevochico-e1561581322808.png","_links":{"self":[{"href":"https:\/\/atecordoba.org\/index.php?rest_route=\/wp\/v2\/posts\/7708","targetHints":{"allow":["GET"]}}],"collection":[{"href":"https:\/\/atecordoba.org\/index.php?rest_route=\/wp\/v2\/posts"}],"about":[{"href":"https:\/\/atecordoba.org\/index.php?rest_route=\/wp\/v2\/types\/post"}],"author":[{"embeddable":true,"href":"https:\/\/atecordoba.org\/index.php?rest_route=\/wp\/v2\/users\/1"}],"replies":[{"embeddable":true,"href":"https:\/\/atecordoba.org\/index.php?rest_route=%2Fwp%2Fv2%2Fcomments&post=7708"}],"version-history":[{"count":0,"href":"https:\/\/atecordoba.org\/index.php?rest_route=\/wp\/v2\/posts\/7708\/revisions"}],"wp:featuredmedia":[{"embeddable":true,"href":"https:\/\/atecordoba.org\/index.php?rest_route=\/wp\/v2\/media\/19220"}],"wp:attachment":[{"href":"https:\/\/atecordoba.org\/index.php?rest_route=%2Fwp%2Fv2%2Fmedia&parent=7708"}],"wp:term":[{"taxonomy":"category","embeddable":true,"href":"https:\/\/atecordoba.org\/index.php?rest_route=%2Fwp%2Fv2%2Fcategories&post=7708"},{"taxonomy":"post_tag","embeddable":true,"href":"https:\/\/atecordoba.org\/index.php?rest_route=%2Fwp%2Fv2%2Ftags&post=7708"}],"curies":[{"name":"wp","href":"https:\/\/api.w.org\/{rel}","templated":true}]}}