{"id":7705,"date":"2016-11-29T19:15:45","date_gmt":"2016-11-29T22:15:45","guid":{"rendered":"http:\/\/www.atecordoba.org\/?p=7705"},"modified":"2016-11-29T19:15:45","modified_gmt":"2016-11-29T22:15:45","slug":"municipales-acuerdo-salarial-del-30-para-el-2017-en-san-marcos-sierra","status":"publish","type":"post","link":"https:\/\/atecordoba.org\/?p=7705","title":{"rendered":"Municipales: acuerdo salarial del 30% para el 2017 en San Marcos Sierra"},"content":{"rendered":"<p><em>El acuerdo lo suscribi\u00f3 ATE con el intendente de la localidad Cesar Brigueras y tendr\u00e1 vigencia a partir del 1\u00ba de enero de 2017 para todas las categor\u00edas, a pagar de manera&nbsp;efectiva de una sola vez.<\/em><\/p>\n<figure id=\"attachment_7706\" aria-describedby=\"caption-attachment-7706\" style=\"width: 550px\" class=\"wp-caption aligncenter\"><img loading=\"lazy\" decoding=\"async\" class=\"wp-image-7706 size-full\" src=\"http:\/\/www.atecordoba.org\/wp-content\/uploads\/2016\/11\/32-SAN-MARCOS-SIERRA-e1480457693504.jpg\" alt=\"32-san-marcos-sierra\" width=\"550\" height=\"309\"><figcaption id=\"caption-attachment-7706\" class=\"wp-caption-text\">Delegados de San marcos Sierra, junto a Murua y Barcena.<\/figcaption><\/figure>\n<p>En representaci\u00f3n de nuestro gremio estuvieron presentes el secretario Adjunto del Consejo Directivo provincial, Luis Barcena, junto al secretario de Interior, Alejandro Mur\u00faa, y al cuerpo de delegados municipal de ATE de la localidad. El acuerdo incluye una cl\u00e1usula para que los trabajadores puedan interponer un pedido de reapertura de la mesa salarial a partir del 1\u00ba de junio si la inflaci\u00f3n supera la pauta salarial anual, en tanto las asignaciones familiares aumentar\u00e1n de 280 a 500 pesos, sumado al compromiso para que el diciembre de 2017 se unifiquen con las asignaciones que paga la Anses a los trabajadores.<\/p>\n<p>El acuerdo incluye el pase a planta permanente de compa\u00f1eros que se encuentran contratados desde hace a\u00f1os, designados por administraciones anteriores. En ese sentido, son alrededor de 10 trabajadores que podr\u00e1n acceder a la estabilidad durante los primeros meses del a\u00f1o que viene, respet\u00e1ndose su antig\u00fcedad conforme lo establece el estatuto.<\/p>\n<p>Otro de los puntos del acuerdo es que el ejecutivo municipal otorgar\u00e1 un bono extraordinario para fin de a\u00f1o que se determinar\u00e1 en una pr\u00f3xima reuni\u00f3n a realizarse la primer semana de diciembre.<\/p>\n<p>Por \u00faltimo, los trabajadores lograron el compromiso del intendente Brigueras para que la Municipalidad implemente la recategorizaci\u00f3n en funci\u00f3n de la actividad que realiza cada compa\u00f1ero, medida que qued\u00f3 condicionada en principio a un estudio del \u00e1rea contable para establecer el costo para la comuna que implica.&nbsp;<\/p>\n<p>En definitiva, se trata de un acuerdo que avanza significativamente en cumplir los reclamos que ATE vino planteando durante el a\u00f1o en curso y que se lograron llevar a la mesa de negociaci\u00f3n para la firma del ejecutivo, por la constancia y la representatividad que ATE tiene entre los municipales de la localidad.&nbsp;<\/p>\n<p><img loading=\"lazy\" decoding=\"async\" class=\"aligncenter size-full wp-image-7764\" src=\"http:\/\/www.atecordoba.org\/wp-content\/uploads\/2016\/11\/acuerdo-salarial-2016.jpeg\" alt=\"acuerdo-salarial-2016\" width=\"581\" height=\"1032\"><\/p>\n<p><img loading=\"lazy\" decoding=\"async\" class=\"aligncenter size-full wp-image-7763\" src=\"http:\/\/www.atecordoba.org\/wp-content\/uploads\/2016\/11\/acuerdo-salarial-2016_2-e1480618394284.jpeg\" alt=\"acuerdo-salarial-2016_2\" width=\"581\" height=\"1032\"><\/p>\n","protected":false},"excerpt":{"rendered":"<p>El acuerdo lo suscribi\u00f3 ATE con el intendente de la localidad Cesar Brigueras y tendr\u00e1 vigencia a partir del 1\u00ba de enero de 2017 para todas las categor\u00edas, a pagar de manera&nbsp;efectiva de una sola vez. En representaci\u00f3n de nuestro gremio estuvieron presentes el secretario Adjunto del Consejo Directivo provincial, Luis Barcena, junto al secretario [&hellip;]<\/p>\n","protected":false},"author":1,"featured_media":19220,"comment_status":"open","ping_status":"open","sticky":false,"template":"","format":"standard","meta":{"_exactmetrics_skip_tracking":false,"_exactmetrics_sitenote_active":false,"_exactmetrics_sitenote_note":"","_exactmetrics_sitenote_category":0,"jnews-multi-image_gallery":[],"jnews_single_post":[],"jnews_primary_category":[],"jnews_social_meta":[],"jnews_review":[],"enable_review":"","type":"","name":"","summary":"","brand":"","sku":"","good":[],"bad":[],"score_override":"","override_value":"","rating":[],"price":[],"jnews_override_counter":[],"jnews_post_split":[],"footnotes":""},"categories":[20],"tags":[],"class_list":["post-7705","post","type-post","status-publish","format-standard","has-post-thumbnail","hentry","category-municipales"],"jetpack_featured_media_url":"https:\/\/atecordoba.org\/wp-content\/uploads\/2020\/05\/logo-nuevochico-e1561581322808.png","_links":{"self":[{"href":"https:\/\/atecordoba.org\/index.php?rest_route=\/wp\/v2\/posts\/7705","targetHints":{"allow":["GET"]}}],"collection":[{"href":"https:\/\/atecordoba.org\/index.php?rest_route=\/wp\/v2\/posts"}],"about":[{"href":"https:\/\/atecordoba.org\/index.php?rest_route=\/wp\/v2\/types\/post"}],"author":[{"embeddable":true,"href":"https:\/\/atecordoba.org\/index.php?rest_route=\/wp\/v2\/users\/1"}],"replies":[{"embeddable":true,"href":"https:\/\/atecordoba.org\/index.php?rest_route=%2Fwp%2Fv2%2Fcomments&post=7705"}],"version-history":[{"count":0,"href":"https:\/\/atecordoba.org\/index.php?rest_route=\/wp\/v2\/posts\/7705\/revisions"}],"wp:featuredmedia":[{"embeddable":true,"href":"https:\/\/atecordoba.org\/index.php?rest_route=\/wp\/v2\/media\/19220"}],"wp:attachment":[{"href":"https:\/\/atecordoba.org\/index.php?rest_route=%2Fwp%2Fv2%2Fmedia&parent=7705"}],"wp:term":[{"taxonomy":"category","embeddable":true,"href":"https:\/\/atecordoba.org\/index.php?rest_route=%2Fwp%2Fv2%2Fcategories&post=7705"},{"taxonomy":"post_tag","embeddable":true,"href":"https:\/\/atecordoba.org\/index.php?rest_route=%2Fwp%2Fv2%2Ftags&post=7705"}],"curies":[{"name":"wp","href":"https:\/\/api.w.org\/{rel}","templated":true}]}}