{"id":77,"date":"2010-10-12T14:40:55","date_gmt":"2010-10-12T17:40:55","guid":{"rendered":"http:\/\/www.atecordoba.org\/?p=77"},"modified":"2010-10-12T14:40:55","modified_gmt":"2010-10-12T17:40:55","slug":"todos-juntos-por-el-82-movil-para-los-jubilados","status":"publish","type":"post","link":"https:\/\/atecordoba.org\/?p=77","title":{"rendered":"Todos juntos por el 82% m\u00f3vil para los jubilados"},"content":{"rendered":"<p><strong>(C\u00f3rdoba, 12-10-2010) \u00a0<\/strong><\/p>\n<p><strong>Las organizaciones de jubilados y pensionados nucleadas en la Central de Trabajadores de la Argentina(CTA) realizar\u00e1n a partir de hoy un &#8220;acampe&#8221; frente al Congreso de la Naci\u00f3n con la instalaci\u00f3n de una &#8220;Carpa por la Dignidad&#8221; en apoyo al tratamiento durante este mi\u00e9rcoles del proyecto de Ley del 82% M\u00f3vil en el Senado de la Naci\u00f3n, que ya tiene media sanci\u00f3n en Diputados. A las 17,30 horas brindar\u00e1n una conferencia de prensa.<\/strong><\/p>\n<div>\n<p>La Secretar\u00eda de Previsi\u00f3n Social de la CTA, la Federaci\u00f3n de Trabajadores Jubilados y Pensionados (FETRAJUB-CTA), la Mesa Coordinadora Nacional de Organizaciones de Jubilados y Pensionados de la CTA, la Federaci\u00f3n de Trabajadores de la Energ\u00eda de la Rep\u00fablica Argentina (FeTERA-CTA) y la FEderaci\u00f3n Judicial Argentina (FJA-CTA) se\u00f1alaron en un comunicado de prensa que &#8220;difundir la Seguridad Social como un derecho humano fundamental de car\u00e1cter universal solidario, reconocido constitucionalmente, implica tambi\u00e9n denunciar que estos derechos no se tuvieron en cuenta por los distintos gobiernos civiles y militares de nuestro pa\u00eds desde hace much\u00edsimos a\u00f1os&#8221;.<\/p>\n<p>Agrega que &#8220;se pretendi\u00f3 imponer el R\u00e9gimen Privado de Capitalizaci\u00f3n como sistema \u00fanico. Esto formaba parte de la estrategia aprobada en el Consenso de Washington impulsado por el Banco Mundial, es decir, entregar al mercado las prestaciones que ten\u00eda que proporcionar el Estado&#8221;.<\/p>\n<p>Y recuerda:&#8221; La CTA junto a los jubilados organizaron la resistencia popular con la colaboraci\u00f3n de las organizaciones pol\u00edticas y sociales mediante lo cual se juntaron un mill\u00f3n de firmas en defensa del Sistema Previsional Universal y Solidario impidiendo as\u00ed la desaparici\u00f3n del sistema de reparto&#8221;.<\/p>\n<p>&#8220;Las manifestaciones de los jubilados de que las AFJP eran una estafa para los trabajadores, fueron recogidas por el actual Gobierno que las derog\u00f3 a partir de la Ley 26.425 con la cual se crea el Sistema Previsional Argentino (SIPA) que integra el Fondo de Garant\u00edas de Sustentabilidad y las comisiones encargadas de su control&#8221;, a\u00f1ade el documento.<\/p>\n<p>La declaraci\u00f3n sostiene que &#8220;a pesar del fabuloso ingreso de una masa de dinero que provino de la derogaci\u00f3n de las AFJP, en ning\u00fan momento se intent\u00f3 reparar la deuda hist\u00f3rica que tiene con los jubilados restituyendo el 82% m\u00f3vil y fijando los haberes seg\u00fan lo dispuesto por la Corte Suprema de Justicia de la Naci\u00f3n en el Caso Badaro&#8221;.<\/p>\n<p>Para las organizaciones de jubilados adheridas a la CTA, se requiere de &#8220;una ley de reparto y solidaria que responda a los lineamientos constitucionales con criterio de proporcionalidad de las jubilaciones con respecto a los sueldos de los trabajadores en actividad, que defienda la salud, la educaci\u00f3n y la vivienda. Es decir, el bienestar del individuo desde que nace hasta que muere, tal como la manifiesta el Art\u00edculo 14 de la Constituci\u00f3n Nacional&#8221;.<\/p>\n<p>Proyecto de nueva Ley Previsional Cabe consignar que el proyecto de una nueva Ley Previsional fue presentado en la C\u00e1mara de Diputados de la Naci\u00f3n el 23 de marzo de este a\u00f1o en el expediente N\u00ba 1418-D-2010 por la compa\u00f1era diputada nacional Graciela Iturraspe con la firma de 13 diputados nacionales, que se apoya en los principios de la Constituci\u00f3n Nacional, los trtados internacionales y los convenios de la OIT.<\/p>\n<p>En el curso de este a\u00f1o se ha logrado instalar el debate sobre la necesidad de sancionar una Ley Previsional que concrete los reclamos anteriormente expuestos. La media sanci\u00f3n de una ley por los diputados que eleva la jubilaci\u00f3n m\u00ednima al equivalente del 82% del Salario M\u00ednimo, Vital y M\u00f3vil y extiende los fallos de la Corte Suprema (Casos Sanchez y Badaro) para calcular el haber de los jubilados que tengan derecho a su plicaci\u00f3n, es parcial y no resuelve la cuesti\u00f3n de fondo que pasa, como ya se ha dicho, por la sanci\u00f3n de una nueva Ley Previsional que derogue la l\u00f3gica de capitalizaci\u00f3n impuesta en los \u201990, fortalezca el financiamiento de la Seguridad Social, establezca el 82% m\u00f3vil para todos los jubilados y pensionados y asegure su particiaci\u00f3n en la administraci\u00f3n del Instituto Nacional de Previsi\u00f3n.<\/p>\n<p>&#8220;Nuestra lucha reci\u00e9n comienza, estamos avanzando, la garant\u00eda del \u00e9xito est\u00e1 en nuestras manos, no depende de concesiones graciosas de los gobiernos sino de nuestra participaci\u00f3n activa en todos los \u00e1mbitos, dando a conocer nuestra propuesta y de nuestra fortaleza para sostener y hacer respetar nuestros derechos constitucionales&#8221;, subraya la nota.<\/p>\n<p>Por \u00faltimo convoca &#8220;a todos los compa\u00f1eros a defender en la CTA estos principios fundacionales que hacen a su origen y al cumplimiento de las renovadas reivindicaciones de todos los trabajadores&#8221;.<\/p>\n<p>Cabe consignar que estas organizaciones de jubilados que protagonizan dese hace m\u00e1s de 960 mi\u00e9rcoles las marchas frente al Congreso reclamando por sus derechos, con el respaldo de la CTA montar\u00e1n hoy en ese lugar una carpa de la dignidad que se habilitar\u00e1 a las 10,00 y se extender\u00e1 hasta las 18.00 de ma\u00f1ana mi\u00e9rcoles, d\u00eda en el que se debatir\u00e1 el proyecto aprobado en Diputados en la C\u00e1mara de Senadores de la Naci\u00f3n.<\/p>\n<\/div>\n","protected":false},"excerpt":{"rendered":"<p>(C\u00f3rdoba, 12-10-2010) \u00a0 Las organizaciones de jubilados y pensionados nucleadas en la Central de Trabajadores de la Argentina(CTA) realizar\u00e1n a partir de hoy un &#8220;acampe&#8221; frente al Congreso de la Naci\u00f3n con la instalaci\u00f3n de una &#8220;Carpa por la Dignidad&#8221; en apoyo al tratamiento durante este mi\u00e9rcoles del proyecto de Ley del 82% M\u00f3vil en [&hellip;]<\/p>\n","protected":false},"author":1,"featured_media":19220,"comment_status":"open","ping_status":"open","sticky":false,"template":"","format":"standard","meta":{"_exactmetrics_skip_tracking":false,"_exactmetrics_sitenote_active":false,"_exactmetrics_sitenote_note":"","_exactmetrics_sitenote_category":0,"jnews-multi-image_gallery":[],"jnews_single_post":[],"jnews_primary_category":[],"jnews_social_meta":[],"jnews_review":[],"enable_review":"","type":"","name":"","summary":"","brand":"","sku":"","good":[],"bad":[],"score_override":"","override_value":"","rating":[],"price":[],"jnews_override_counter":[],"jnews_post_split":[],"footnotes":""},"categories":[22],"tags":[23],"class_list":["post-77","post","type-post","status-publish","format-standard","has-post-thumbnail","hentry","category-jubilados","tag-jubilados-2"],"jetpack_featured_media_url":"https:\/\/atecordoba.org\/wp-content\/uploads\/2020\/05\/logo-nuevochico-e1561581322808.png","_links":{"self":[{"href":"https:\/\/atecordoba.org\/index.php?rest_route=\/wp\/v2\/posts\/77","targetHints":{"allow":["GET"]}}],"collection":[{"href":"https:\/\/atecordoba.org\/index.php?rest_route=\/wp\/v2\/posts"}],"about":[{"href":"https:\/\/atecordoba.org\/index.php?rest_route=\/wp\/v2\/types\/post"}],"author":[{"embeddable":true,"href":"https:\/\/atecordoba.org\/index.php?rest_route=\/wp\/v2\/users\/1"}],"replies":[{"embeddable":true,"href":"https:\/\/atecordoba.org\/index.php?rest_route=%2Fwp%2Fv2%2Fcomments&post=77"}],"version-history":[{"count":0,"href":"https:\/\/atecordoba.org\/index.php?rest_route=\/wp\/v2\/posts\/77\/revisions"}],"wp:featuredmedia":[{"embeddable":true,"href":"https:\/\/atecordoba.org\/index.php?rest_route=\/wp\/v2\/media\/19220"}],"wp:attachment":[{"href":"https:\/\/atecordoba.org\/index.php?rest_route=%2Fwp%2Fv2%2Fmedia&parent=77"}],"wp:term":[{"taxonomy":"category","embeddable":true,"href":"https:\/\/atecordoba.org\/index.php?rest_route=%2Fwp%2Fv2%2Fcategories&post=77"},{"taxonomy":"post_tag","embeddable":true,"href":"https:\/\/atecordoba.org\/index.php?rest_route=%2Fwp%2Fv2%2Ftags&post=77"}],"curies":[{"name":"wp","href":"https:\/\/api.w.org\/{rel}","templated":true}]}}