{"id":7697,"date":"2016-11-29T17:55:20","date_gmt":"2016-11-29T20:55:20","guid":{"rendered":"http:\/\/www.atecordoba.org\/?p=7697"},"modified":"2016-11-29T17:55:20","modified_gmt":"2016-11-29T20:55:20","slug":"estan-previstos-30-disertantes-en-las-jornadas-de-debate-sobre-el-rol-del-estado","status":"publish","type":"post","link":"https:\/\/atecordoba.org\/?p=7697","title":{"rendered":"Est\u00e1n previstos 30 disertantes en las Jornadas de Debate sobre el Rol del Estado"},"content":{"rendered":"<p><em>Compa\u00f1eros de de diversos \u00e1mbitos de la militancia gremial, pol\u00edtica y social participar\u00e1n como disertantes en las&nbsp;Primeras Jornadas de Debate sobre &#8216;El Rol del Estado y las Pol\u00edticas P\u00fablicas en la Actualidad&#8217; que se desarrollar\u00e1n los d\u00edas 5 y 6 de diciembre en nuestra sede gremial. El programa completo.&nbsp;<\/em><\/p>\n<p><img loading=\"lazy\" decoding=\"async\" class=\"aligncenter size-full wp-image-7698\" src=\"http:\/\/www.atecordoba.org\/wp-content\/uploads\/2016\/11\/ilustracion-2-e1480448463236.png\" alt=\"ilustracion-2\" width=\"550\" height=\"342\"><\/p>\n<p>La actividad se iniciar\u00e1 el lunes 5 de diciembre a las 10 de la ma\u00f1ana con la apertura de las jornadas, a cargo de la secretaria General del Consejo Directivo Provincial, Mar\u00eda Liliana Salerno.<\/p>\n<p>De 11 a 13 horas est\u00e1 previsto que se desarrolle la primera mesa, denominada &#8216;Trabajo y Conflictividad Social&#8217;, coordinada por el secretario General de ATE R\u00edo Cuarto, Walter Avalos y con la participaci\u00f3n del asesor letrado de ATE, Eugenio Biafore, el abogado laboralista Luis Montenegro, el paritario Nacional, vocal del CDN y Secretario General de la Junta Interna del Hospital Malbr\u00e1n, Flavio Vergara, el secretario General de la CTA C\u00f3rdoba, Guido Dreizik, el legislador del Frente de Izquierda y los Trabajadores, Ezequiel Peresini y la secretaria Adjunta de ATE R\u00edo Cuarto, Rafaela Alcoba.<\/p>\n<p>Las mesa 2 se iniciar\u00e1 a las 14 horas bajo el t\u00edtulo &#8216;Pol\u00edticas de Salud&#8217;, con la Moderaci\u00f3n del secretario General de ATE R\u00edo Tercero, Cristian Colman. All\u00ed disertar\u00e1n el director del Departamento de DD.HH del CDN y secretario General de la Junta Interna del Ministerio de Salud de la Naci\u00f3n, H\u00e9ctor Carrica, el m\u00e9dico psiquiatra Mart\u00edn Cagnani, el ex subsecretario de Ambiente y Salud de la Municipalidad de C\u00f3rdoba e integrante del Movimiento por un Sistema Integrado de Salud (MOSIS), Horacio Barri, y el integrante del Departamento de Salud del CDP, Fernando Castro.&nbsp;<\/p>\n<p>A su vez, la tercer mesa y \u00faltima de la primera jornada se iniciar\u00e1 a las 16.30, denominada &#8216;Pol\u00edticas en Derechos Humanos&#8217; y ser\u00e1 moderada por Oscar Cacho Mengarelli, integrante de la conducci\u00f3n del Centro de Jubilados de ATE Nacional. En este caso los disertantes ser\u00e1n Soledad Garc\u00eda Quiroga, de vasta trayectoria como militante, ex presa pol\u00edtica e integrante de la Mesa permanente por los DDHH de C\u00f3rdoba, H\u00e9ctor Carrica, y Luis Miguel &#8216;Vit\u00edn&#8217; Baronetto, referente de la lucha por los DDHH, ex preso pol\u00edtico, biografo del Obispo Angelelli y el Cura Brochero, ex director de DDHH de la Municipalidad de C\u00f3rdoba y director del Centro Tiempo Latinoamericano. La jornada finalizar\u00e1 a las 18 horas.<\/p>\n<p><img loading=\"lazy\" decoding=\"async\" class=\"wp-image-7699 size-full\" src=\"http:\/\/www.atecordoba.org\/wp-content\/uploads\/2016\/11\/Folleto-Jornada-Pol\u00edticas-P\u00fablicas-2-e1480450342915.jpg\" alt=\"folleto-jornada-politicas-publicas-2\" width=\"550\" height=\"389\"><\/p>\n<p><strong>&nbsp;Segunda jornada<\/strong><\/p>\n<p>Por su parte, el martes 6, despu\u00e9s del desayuno a las 9 horas, se iniciar\u00e1 la mesa 4\u00ba, a las 9.30, titulada &#8216;Pol\u00edticas en Econom\u00eda&#8217; y ser\u00e1 coordinada por el secretario Administrativo del CDP, Walter Secondino. Los disertantes ser\u00e1n la contadora p\u00fablica y trabajadora de la Senaf Mara Adriana Ciacci, la dirigente de la Corriente Clasista y Combativa Glenda Henze, el director acad\u00e9mico del Centro de Investigaciones Participativas en Pol\u00edticas Econ\u00f3micas y Sociales (CIPPES) Alfredo Curuchet, Ignacio Rodr\u00edguez, integrante del equipo de comunicaci\u00f3in y formaci\u00f3n de la Confederaci\u00f3n latinoamericana y del Caribe de Trabajadores Estatales (CLATE), as\u00ed como un representante del Instituto de Estudios sobre el Estado y la Participaci\u00f3n (IDEPP).&nbsp;<\/p>\n<p>La mesa N\u00ba5 tratar\u00e1 &#8216;Pol\u00edticas Sociales&#8217;, comenzar\u00e1 a las 11.30 y se extender\u00e1 hasta las 13.30, moderada por la prosecretaria Administrativa, Eugenia Palacio. Los disertantes son: la trabajadorea de la SENAF Soledad Micolli, el trabajador de la SENAF Humberto Cabral, la docente Malila Olivar, el docente universitario Miguel Haiquel y el ex secretario General de la Asociaci\u00f3n Bancaria y presidente del la Comisi\u00f3n Permanente de Jubilados, Miguel Berrotar\u00e1n.<\/p>\n<p>Por \u00faltimo, tras el almuerzo, a las 14.30, se iniciar\u00e1 la mesa 6, coordinada por el secretario de Formaci\u00f3n Jos\u00e9 Gorozo, referida a &#8216;Pol\u00edticas &nbsp;y Propuestas desde los Trabajadores en Energ\u00eda, Ciencia y Ambiente&#8217;, que tendr\u00e1 como disertantes al trabajador de Dioxitek en el \u00e1rea de calidad y salvaguardia del ambiente y delegado de ATE Javier Gardes, la doctora en Ciencias de la Educaci\u00f3n, becaria del Conicet y delegada de ATE Luc\u00eda Cassio, el delegado de ATE y trabajador de la F\u00e1brica Militar de R\u00edo Tercero, Mat\u00edas \u00c1vila, y el licenciado en Trabajo Social y trabajador de Parques Nacionales, Gustavo Peyroti. La mesa finalizar\u00e1 a las 16.30, estando programado para las 17 horas el cierre formal de las jornadas.<\/p>\n<p><img loading=\"lazy\" decoding=\"async\" class=\"wp-image-7700 size-full\" src=\"http:\/\/www.atecordoba.org\/wp-content\/uploads\/2016\/11\/programa-recortado-e1480452811906.png\" alt=\"programa-recortado\" width=\"550\" height=\"589\"><\/p>\n<p>&nbsp;<\/p>\n","protected":false},"excerpt":{"rendered":"<p>Compa\u00f1eros de de diversos \u00e1mbitos de la militancia gremial, pol\u00edtica y social participar\u00e1n como disertantes en las&nbsp;Primeras Jornadas de Debate sobre &#8216;El Rol del Estado y las Pol\u00edticas P\u00fablicas en la Actualidad&#8217; que se desarrollar\u00e1n los d\u00edas 5 y 6 de diciembre en nuestra sede gremial. El programa completo.&nbsp; La actividad se iniciar\u00e1 el lunes [&hellip;]<\/p>\n","protected":false},"author":1,"featured_media":19220,"comment_status":"open","ping_status":"open","sticky":false,"template":"","format":"standard","meta":{"_exactmetrics_skip_tracking":false,"_exactmetrics_sitenote_active":false,"_exactmetrics_sitenote_note":"","_exactmetrics_sitenote_category":0,"jnews-multi-image_gallery":[],"jnews_single_post":[],"jnews_primary_category":[],"jnews_social_meta":[],"jnews_review":[],"enable_review":"","type":"","name":"","summary":"","brand":"","sku":"","good":[],"bad":[],"score_override":"","override_value":"","rating":[],"price":[],"jnews_override_counter":[],"jnews_post_split":[],"footnotes":""},"categories":[10,88],"tags":[],"class_list":["post-7697","post","type-post","status-publish","format-standard","has-post-thumbnail","hentry","category-accion-politica","category-formacion"],"jetpack_featured_media_url":"https:\/\/atecordoba.org\/wp-content\/uploads\/2020\/05\/logo-nuevochico-e1561581322808.png","_links":{"self":[{"href":"https:\/\/atecordoba.org\/index.php?rest_route=\/wp\/v2\/posts\/7697","targetHints":{"allow":["GET"]}}],"collection":[{"href":"https:\/\/atecordoba.org\/index.php?rest_route=\/wp\/v2\/posts"}],"about":[{"href":"https:\/\/atecordoba.org\/index.php?rest_route=\/wp\/v2\/types\/post"}],"author":[{"embeddable":true,"href":"https:\/\/atecordoba.org\/index.php?rest_route=\/wp\/v2\/users\/1"}],"replies":[{"embeddable":true,"href":"https:\/\/atecordoba.org\/index.php?rest_route=%2Fwp%2Fv2%2Fcomments&post=7697"}],"version-history":[{"count":0,"href":"https:\/\/atecordoba.org\/index.php?rest_route=\/wp\/v2\/posts\/7697\/revisions"}],"wp:featuredmedia":[{"embeddable":true,"href":"https:\/\/atecordoba.org\/index.php?rest_route=\/wp\/v2\/media\/19220"}],"wp:attachment":[{"href":"https:\/\/atecordoba.org\/index.php?rest_route=%2Fwp%2Fv2%2Fmedia&parent=7697"}],"wp:term":[{"taxonomy":"category","embeddable":true,"href":"https:\/\/atecordoba.org\/index.php?rest_route=%2Fwp%2Fv2%2Fcategories&post=7697"},{"taxonomy":"post_tag","embeddable":true,"href":"https:\/\/atecordoba.org\/index.php?rest_route=%2Fwp%2Fv2%2Ftags&post=7697"}],"curies":[{"name":"wp","href":"https:\/\/api.w.org\/{rel}","templated":true}]}}