{"id":769,"date":"2011-10-26T15:05:07","date_gmt":"2011-10-26T18:05:07","guid":{"rendered":"http:\/\/www.atecordoba.org\/?p=769"},"modified":"2011-10-26T15:05:07","modified_gmt":"2011-10-26T18:05:07","slug":"con-cortes-de-calle-los-trabajadores-de-la-salud-reclamaron-por-salarios","status":"publish","type":"post","link":"https:\/\/atecordoba.org\/?p=769","title":{"rendered":"Con cortes de calle, los trabajadores de la salud reclamaron por salarios"},"content":{"rendered":"<p><img loading=\"lazy\" decoding=\"async\" class=\"aligncenter size-full wp-image-771\" title=\"arton188\" src=\"http:\/\/www.atecordoba.org\/wp-content\/uploads\/2012\/07\/arton188.jpg\" alt=\"\" width=\"400\" height=\"267\" \/><\/p>\n<div>\n<div dir=\"ltr\">\n<p><strong>(C\u00f3rdoba, 26-10-2011)<\/strong><\/p>\n<p><strong>La protesta fue sobre Guardias Nacionales durante casi una hora. Se repiti\u00f3 en m\u00e1s de 20 hospitales de la provincia.<\/strong><\/p>\n<p><strong>(Fuente: diario El Puntal)<\/strong><\/p>\n<\/div>\n<\/div>\n<div>\n<div dir=\"ltr\">\n<p>Los trabajadores de la salud realizaron ayer una ruidosa manifestaci\u00f3n frente al Nuevo Hospital, sobre Guardias Nacionales, que incluy\u00f3 un corte de calle durante casi una hora.<\/p>\n<p>La protesta se enmarca en la quinta semana de conflicto de los agentes de salud en toda la provincia. El reclamo central es por una recomposici\u00f3n salarial que ubique los haberes al nivel de la canasta familiar difundida por la CTA a nivel nacional y que ronda los 5.600 pesos.<\/p>\n<p>Los trabajadores se concentraron con pancartas y afiches desde las 10, lo que oblig\u00f3 al corte del tr\u00e1nsito en la zona. La medida de fuerza cont\u00f3 con el acompa\u00f1amiento de dirigentes de ATE, CTA y tambi\u00e9n Jorge Adaro, el secretario general de la Asociaci\u00f3n Gremial Docente que nuclea a los profesores de la Universidad Nacional.<\/p>\n<p>\u201cLa protesta se extiende pero no hay desgaste por parte de los trabajadores, m\u00e1s bien todo lo contrario. Advertimos que ante la indiferencia del gobierno provincial crece el descontento y eso se transforma en m\u00e1s fuerza para continuar\u201d, remarc\u00f3 Gabriel Nieva, uno de los referentes de la Uni\u00f3n de Trabajadores de la Salud (UTS) en el San Antonio de Padua.<\/p>\n<p>\u201cLa defensa de nuestros sueldos es la defensa de los sectores que tienen al Hospital como la \u00fanica posibilidad para acceder al servicio de salud\u201d, destac\u00f3 otra de las manifestantes en medio de la asamblea callejera.<\/p>\n<p>\u201cEstamos unidos en el reclamo y esa es nuestra principal virtud. No tenemos que aflojar, no tenemos que retroceder porque la lucha contin\u00faa\u201d, alent\u00f3 Sandra Sommadossi, otra de las delegadas de la UTS.<\/p>\n<p>Los trabajadores de la salud iniciaron a fines de septiembre un reclamo por mejoras salariales que hasta aqu\u00ed no tuvo eco en la administraci\u00f3n de Juan Schiaretti. El resultado fue que m\u00e1s de 20 hospitales se encuentran con paros por tiempo indeterminado lo que bloquea los consultorios externos y las cirug\u00edas programadasProxy-Connection: keep-alive Cache-Control: max-age=0 S\u00f3lo se atienden urgencias y emergencias a trav\u00e9s de las guardias y los quir\u00f3fanos.<\/p>\n<p>Lo cierto es que ayer adem\u00e1s del corte de calle los trabajadores realizaron una marcha simb\u00f3lica alrededor del hospital donde fueron recibiendo el apoyo de enfermeras, administrativos y profesionales que asomaban por las puertas a aplaudir a los manifestantes.<\/p>\n<p>\u201cUstedes est\u00e1n llevando adelante un reclamo que no s\u00f3lo es salarial, sino en defensa de la salud y la dignidad de la poblaci\u00f3n, porque la salud es un derecho, igual que la educaci\u00f3n. Y ambas deben ser prioritarias en la agenda de los gobiernos\u201d, se\u00f1al\u00f3 Adaro al hablar en la asamblea.<\/p>\n<p>Sobre el final, los trabajadores ratificaron la continuidad del paro y anunciaron que el viernes a las 20 se emitir\u00e1 en la Plaza Roca un documental sobre el conflicto y la situaci\u00f3n de la salud p\u00fablica en la provincia.<\/p>\n<p>Pidieron la intervenci\u00f3n del defensor del Pueblo de C\u00f3rdoba<\/p>\n<p>El defensor del Pueblo de la Provincia, Mario Decara, admiti\u00f3 que tiene las manos atadas para actuar en el conflicto que mantiene paralizada a la salud p\u00fablica desde hace 6 semanas. Sin embargo, Decara se\u00f1al\u00f3 que le solicit\u00f3 al secretario de Trabajo, Omar Sereno, que disponga la conciliaci\u00f3n obligatoria para buscar una soluci\u00f3n al conflicto.<\/p>\n<p>La intervenci\u00f3n de Decara se plante\u00f3 a trav\u00e9s de un pedido que realiz\u00f3 mediante una carta el Comipaz (Comit\u00e9 por la Paz que re\u00fane a referentes de distintas religiones) para intentar encausar la disputa entre los trabajadores de la salud y el gobierno de la provincia.<\/p>\n<p>\u201cEstamos con las manos atadas, lamentablemente. Tengo un impedimento legal porque es un problema gremial. No obstante ello, quiz\u00e1 tenga otra reuni\u00f3n con el ministro, Oscar Gonz\u00e1lez\u201d, se\u00f1al\u00f3 Decara a Cadena3.<\/p>\n<p>\u201cNos encontramos con que el Comipaz ha tenido la mejor buena voluntad, pero no es m\u00e1s que buenos oficios. Hemos llegado a un punto en que la soluci\u00f3n la debe dar el Gobierno de la provincia y los m\u00e9dicos\u201d, se\u00f1al\u00f3 el defensor, al tiempo que le pidi\u00f3 mayor \u201cprotagonismo y participaci\u00f3n\u201d a los medios de comunicaci\u00f3n.<\/p>\n<p>\u201cHay cosas que no pueden esperar. No podemos acallar esta necesidad\u201d, dijo el padre Pedro Torres, representante de la iglesia cat\u00f3lica en el Comipaz. Torres adem\u00e1s se\u00f1al\u00f3 que hay gente cuya salud est\u00e1 en riesgo y no recibe atenci\u00f3n. \u201cLa salud p\u00fablica que tiene estructura para responder, no puede ser demorada y en ese sentido es que pensamos en recurrir a la Defensor\u00eda del Pueblo, o incluso ante un fiscal\u201d, agreg\u00f3. El rabino Marcelo Polakoff, por su parte, enfatiz\u00f3 que Decara, desde su funci\u00f3n de onbusdman, tiene atribuciones para actuar en este tipo de situaciones complejas.<\/p>\n<\/div>\n<\/div>\n","protected":false},"excerpt":{"rendered":"<p>(C\u00f3rdoba, 26-10-2011) La protesta fue sobre Guardias Nacionales durante casi una hora. Se repiti\u00f3 en m\u00e1s de 20 hospitales de la provincia. (Fuente: diario El Puntal) Los trabajadores de la salud realizaron ayer una ruidosa manifestaci\u00f3n frente al Nuevo Hospital, sobre Guardias Nacionales, que incluy\u00f3 un corte de calle durante casi una hora. La protesta [&hellip;]<\/p>\n","protected":false},"author":1,"featured_media":19220,"comment_status":"open","ping_status":"open","sticky":false,"template":"","format":"standard","meta":{"_exactmetrics_skip_tracking":false,"_exactmetrics_sitenote_active":false,"_exactmetrics_sitenote_note":"","_exactmetrics_sitenote_category":0,"jnews-multi-image_gallery":[],"jnews_single_post":[],"jnews_primary_category":[],"jnews_social_meta":[],"jnews_review":[],"enable_review":"","type":"","name":"","summary":"","brand":"","sku":"","good":[],"bad":[],"score_override":"","override_value":"","rating":[],"price":[],"jnews_override_counter":[],"jnews_post_split":[],"footnotes":""},"categories":[1],"tags":[11,31,25],"class_list":["post-769","post","type-post","status-publish","format-standard","has-post-thumbnail","hentry","category-sin-categoria","tag-noticias-2","tag-provinciales-2","tag-rio-cuarto-2"],"jetpack_featured_media_url":"https:\/\/atecordoba.org\/wp-content\/uploads\/2020\/05\/logo-nuevochico-e1561581322808.png","_links":{"self":[{"href":"https:\/\/atecordoba.org\/index.php?rest_route=\/wp\/v2\/posts\/769","targetHints":{"allow":["GET"]}}],"collection":[{"href":"https:\/\/atecordoba.org\/index.php?rest_route=\/wp\/v2\/posts"}],"about":[{"href":"https:\/\/atecordoba.org\/index.php?rest_route=\/wp\/v2\/types\/post"}],"author":[{"embeddable":true,"href":"https:\/\/atecordoba.org\/index.php?rest_route=\/wp\/v2\/users\/1"}],"replies":[{"embeddable":true,"href":"https:\/\/atecordoba.org\/index.php?rest_route=%2Fwp%2Fv2%2Fcomments&post=769"}],"version-history":[{"count":0,"href":"https:\/\/atecordoba.org\/index.php?rest_route=\/wp\/v2\/posts\/769\/revisions"}],"wp:featuredmedia":[{"embeddable":true,"href":"https:\/\/atecordoba.org\/index.php?rest_route=\/wp\/v2\/media\/19220"}],"wp:attachment":[{"href":"https:\/\/atecordoba.org\/index.php?rest_route=%2Fwp%2Fv2%2Fmedia&parent=769"}],"wp:term":[{"taxonomy":"category","embeddable":true,"href":"https:\/\/atecordoba.org\/index.php?rest_route=%2Fwp%2Fv2%2Fcategories&post=769"},{"taxonomy":"post_tag","embeddable":true,"href":"https:\/\/atecordoba.org\/index.php?rest_route=%2Fwp%2Fv2%2Ftags&post=769"}],"curies":[{"name":"wp","href":"https:\/\/api.w.org\/{rel}","templated":true}]}}