{"id":7688,"date":"2016-11-25T16:47:02","date_gmt":"2016-11-25T19:47:02","guid":{"rendered":"http:\/\/www.atecordoba.org\/?p=7688"},"modified":"2020-06-09T15:39:07","modified_gmt":"2020-06-09T18:39:07","slug":"mensaje-de-la-clate-en-el-dia-internacional-contra-la-violencia-de-genero","status":"publish","type":"post","link":"https:\/\/atecordoba.org\/?p=7688","title":{"rendered":"Mensaje de la CLATE en el D\u00eda Internacional contra la Violencia de G\u00e9nero"},"content":{"rendered":"<p><em>La Confederaci\u00f3n Latinoamericana y del Caribe de Trabajadores Estatales (CLATE) emiti\u00f3 un video para difundir la lucha de las organizaciones que la integran en contra de la violencia de g\u00e9nero. Para la oportunidad nuestra secretaria General Mar\u00eda Liliana Salerno expres\u00f3 el compromiso de ATE en contra de toda violencia contra la mujer.<\/em><\/p>\n<div class=\"epyt-video-wrapper\"><iframe loading=\"lazy\"  style=\"display: block; margin: 0px auto;\"  id=\"_ytid_48590\"  width=\"480\" height=\"360\"  data-origwidth=\"480\" data-origheight=\"360\" src=\"https:\/\/www.youtube.com\/embed\/JaKYyMgtrc8?enablejsapi=1&#038;autoplay=0&#038;cc_load_policy=0&#038;cc_lang_pref=&#038;iv_load_policy=3&#038;loop=0&#038;rel=0&#038;fs=1&#038;playsinline=0&#038;autohide=2&#038;theme=dark&#038;color=red&#038;controls=1&#038;disablekb=0&#038;\" class=\"__youtube_prefs__  epyt-is-override  no-lazyload\" title=\"YouTube player\"  allow=\"fullscreen; accelerometer; autoplay; clipboard-write; encrypted-media; gyroscope; picture-in-picture; web-share\" referrerpolicy=\"strict-origin-when-cross-origin\" allowfullscreen data-no-lazy=\"1\" data-skipgform_ajax_framebjll=\"\"><\/iframe><\/div>\n<p>La secretaria General de ATE C\u00f3rdoba reivindic\u00f3 la lucha de las mujeres contra la violencia machista y destac\u00f3 que en nuestro gremio &#8220;el compromiso es total, tanto de las estructuras internas que poco a poco se van desarrollando para realizar una pol\u00edtica institucional que sea integral contra la violencia de g\u00e9nero, como&nbsp;tambi\u00e9n en cada sector de trabajo donde nuestros delegados y cuerpos org\u00e1nicos saben claramente que no permitimos que nadie maltrate ni violente a una compa\u00f1era, y menos aun cuando existe una relaci\u00f3n de jerarqu\u00eda con un jefe o autoridad&#8221;.<\/p>\n<p>Salerno destac\u00f3 que en ATE las mujeres tienen gran protagonismo ejerciendo sus derechos pol\u00edticos &#8220;y lo demuestra que las dos ultimas secretarias generales en C\u00f3rdoba somos mujeres&#8221;.<\/p>\n<p>&nbsp;Respecto a las mujeres que pueden haber sufrido violencia en su lugar de trabajo o en su casa y no se animan a contarlo, la secretaria General anim\u00f3 a denunciarlo, garantizando que &#8220;nuestro gremio estar\u00e1 siempre a disposici\u00f3n para apoyar a aquella compa\u00f1era que lo necesite&#8221;.&nbsp;<\/p>\n<p>&nbsp;<\/p>\n","protected":false},"excerpt":{"rendered":"<p>La Confederaci\u00f3n Latinoamericana y del Caribe de Trabajadores Estatales (CLATE) emiti\u00f3 un video para difundir la lucha de las organizaciones que la integran en contra de la violencia de g\u00e9nero. Para la oportunidad nuestra secretaria General Mar\u00eda Liliana Salerno expres\u00f3 el compromiso de ATE en contra de toda violencia contra la mujer. La secretaria General [&hellip;]<\/p>\n","protected":false},"author":1,"featured_media":19220,"comment_status":"open","ping_status":"open","sticky":false,"template":"","format":"standard","meta":{"_exactmetrics_skip_tracking":false,"_exactmetrics_sitenote_active":false,"_exactmetrics_sitenote_note":"","_exactmetrics_sitenote_category":0,"jnews-multi-image_gallery":[],"jnews_single_post":[],"jnews_primary_category":[],"jnews_social_meta":[],"jnews_review":[],"enable_review":"","type":"","name":"","summary":"","brand":"","sku":"","good":[],"bad":[],"score_override":"","override_value":"","rating":[],"price":[],"jnews_override_counter":[],"jnews_post_split":[],"footnotes":""},"categories":[325],"tags":[],"class_list":["post-7688","post","type-post","status-publish","format-standard","has-post-thumbnail","hentry","category-generos-y-diversidades"],"jetpack_featured_media_url":"https:\/\/atecordoba.org\/wp-content\/uploads\/2020\/05\/logo-nuevochico-e1561581322808.png","_links":{"self":[{"href":"https:\/\/atecordoba.org\/index.php?rest_route=\/wp\/v2\/posts\/7688","targetHints":{"allow":["GET"]}}],"collection":[{"href":"https:\/\/atecordoba.org\/index.php?rest_route=\/wp\/v2\/posts"}],"about":[{"href":"https:\/\/atecordoba.org\/index.php?rest_route=\/wp\/v2\/types\/post"}],"author":[{"embeddable":true,"href":"https:\/\/atecordoba.org\/index.php?rest_route=\/wp\/v2\/users\/1"}],"replies":[{"embeddable":true,"href":"https:\/\/atecordoba.org\/index.php?rest_route=%2Fwp%2Fv2%2Fcomments&post=7688"}],"version-history":[{"count":1,"href":"https:\/\/atecordoba.org\/index.php?rest_route=\/wp\/v2\/posts\/7688\/revisions"}],"predecessor-version":[{"id":19993,"href":"https:\/\/atecordoba.org\/index.php?rest_route=\/wp\/v2\/posts\/7688\/revisions\/19993"}],"wp:featuredmedia":[{"embeddable":true,"href":"https:\/\/atecordoba.org\/index.php?rest_route=\/wp\/v2\/media\/19220"}],"wp:attachment":[{"href":"https:\/\/atecordoba.org\/index.php?rest_route=%2Fwp%2Fv2%2Fmedia&parent=7688"}],"wp:term":[{"taxonomy":"category","embeddable":true,"href":"https:\/\/atecordoba.org\/index.php?rest_route=%2Fwp%2Fv2%2Fcategories&post=7688"},{"taxonomy":"post_tag","embeddable":true,"href":"https:\/\/atecordoba.org\/index.php?rest_route=%2Fwp%2Fv2%2Ftags&post=7688"}],"curies":[{"name":"wp","href":"https:\/\/api.w.org\/{rel}","templated":true}]}}