{"id":7677,"date":"2016-11-24T17:05:30","date_gmt":"2016-11-24T20:05:30","guid":{"rendered":"http:\/\/www.atecordoba.org\/?p=7677"},"modified":"2016-11-24T17:05:30","modified_gmt":"2016-11-24T20:05:30","slug":"pesar-por-el-fallecimiento-del-companero-hector-mendez","status":"publish","type":"post","link":"https:\/\/atecordoba.org\/?p=7677","title":{"rendered":"Pesar por el fallecimiento del compa\u00f1ero H\u00e9ctor M\u00e9ndez"},"content":{"rendered":"<p><em>El Consejo Directivo&nbsp;Provincial&nbsp;comunica a todos los compa\u00f1eros la p\u00e9rdida irreparable de H\u00e9ctor M\u00e9ndez, miembro de la Conducci\u00f3n Nacional de ATE que ejerc\u00eda en este periodo como secretario de Prensa.<\/em><br \/>\n<img loading=\"lazy\" decoding=\"async\" class=\"aligncenter size-full wp-image-7678\" src=\"http:\/\/www.atecordoba.org\/wp-content\/uploads\/2016\/11\/hector-mendez-e1480017833846.jpg\" alt=\"hector-mendez\" width=\"550\" height=\"443\"><\/p>\n<p>El compa\u00f1ero falleci\u00f3 ayer por la noche&nbsp;tras&nbsp;pelear por su vida hasta el \u00faltimo momento contra una enfermedad, de la misma manera que lo hizo en el sindicato reivindicando los mejores valores que atesoramos en ATE.<\/p>\n<p>Hacemos llegar nuestro p\u00e9same a su familia y amigos.<\/p>\n<p style=\"text-align: right;\">Mar\u00eda Liliana Salerno<\/p>\n<p style=\"text-align: right;\">Secretaria General<\/p>\n","protected":false},"excerpt":{"rendered":"<p>El Consejo Directivo&nbsp;Provincial&nbsp;comunica a todos los compa\u00f1eros la p\u00e9rdida irreparable de H\u00e9ctor M\u00e9ndez, miembro de la Conducci\u00f3n Nacional de ATE que ejerc\u00eda en este periodo como secretario de Prensa. El compa\u00f1ero falleci\u00f3 ayer por la noche&nbsp;tras&nbsp;pelear por su vida hasta el \u00faltimo momento contra una enfermedad, de la misma manera que lo hizo en el [&hellip;]<\/p>\n","protected":false},"author":1,"featured_media":19220,"comment_status":"open","ping_status":"open","sticky":false,"template":"","format":"standard","meta":{"_exactmetrics_skip_tracking":false,"_exactmetrics_sitenote_active":false,"_exactmetrics_sitenote_note":"","_exactmetrics_sitenote_category":0,"jnews-multi-image_gallery":[],"jnews_single_post":[],"jnews_primary_category":[],"jnews_social_meta":[],"jnews_review":[],"enable_review":"","type":"","name":"","summary":"","brand":"","sku":"","good":[],"bad":[],"score_override":"","override_value":"","rating":[],"price":[],"jnews_override_counter":[],"jnews_post_split":[],"footnotes":""},"categories":[1],"tags":[],"class_list":["post-7677","post","type-post","status-publish","format-standard","has-post-thumbnail","hentry","category-sin-categoria"],"jetpack_featured_media_url":"https:\/\/atecordoba.org\/wp-content\/uploads\/2020\/05\/logo-nuevochico-e1561581322808.png","_links":{"self":[{"href":"https:\/\/atecordoba.org\/index.php?rest_route=\/wp\/v2\/posts\/7677","targetHints":{"allow":["GET"]}}],"collection":[{"href":"https:\/\/atecordoba.org\/index.php?rest_route=\/wp\/v2\/posts"}],"about":[{"href":"https:\/\/atecordoba.org\/index.php?rest_route=\/wp\/v2\/types\/post"}],"author":[{"embeddable":true,"href":"https:\/\/atecordoba.org\/index.php?rest_route=\/wp\/v2\/users\/1"}],"replies":[{"embeddable":true,"href":"https:\/\/atecordoba.org\/index.php?rest_route=%2Fwp%2Fv2%2Fcomments&post=7677"}],"version-history":[{"count":0,"href":"https:\/\/atecordoba.org\/index.php?rest_route=\/wp\/v2\/posts\/7677\/revisions"}],"wp:featuredmedia":[{"embeddable":true,"href":"https:\/\/atecordoba.org\/index.php?rest_route=\/wp\/v2\/media\/19220"}],"wp:attachment":[{"href":"https:\/\/atecordoba.org\/index.php?rest_route=%2Fwp%2Fv2%2Fmedia&parent=7677"}],"wp:term":[{"taxonomy":"category","embeddable":true,"href":"https:\/\/atecordoba.org\/index.php?rest_route=%2Fwp%2Fv2%2Fcategories&post=7677"},{"taxonomy":"post_tag","embeddable":true,"href":"https:\/\/atecordoba.org\/index.php?rest_route=%2Fwp%2Fv2%2Ftags&post=7677"}],"curies":[{"name":"wp","href":"https:\/\/api.w.org\/{rel}","templated":true}]}}