{"id":7676,"date":"2016-11-24T18:02:06","date_gmt":"2016-11-24T21:02:06","guid":{"rendered":"http:\/\/www.atecordoba.org\/?p=7676"},"modified":"2016-11-24T18:02:06","modified_gmt":"2016-11-24T21:02:06","slug":"ate-llevo-a-la-calle-el-reclamo-de-los-trabajadores-de-educacion","status":"publish","type":"post","link":"https:\/\/atecordoba.org\/?p=7676","title":{"rendered":"ATE llev\u00f3 a la calle el reclamo de los trabajadores de Educaci\u00f3n"},"content":{"rendered":"<p><em>Los trabajadores cortaron la calle Santa Rosa, frente a la Direcci\u00f3n de Administraci\u00f3n de la cartera educativa, en reclamo del cumplimiento de un acuerdo salarial que inclu\u00eda un adicional remunerativo que ahora el gobierno se niega a pagar. Denuncia por desmanejo administrativo, rechazo al bono y reclamo de reapertura de paritaria. <\/em><\/p>\n<p><img loading=\"lazy\" decoding=\"async\" class=\"aligncenter size-full wp-image-7680\" src=\"http:\/\/www.atecordoba.org\/wp-content\/uploads\/2016\/11\/20161123_114109-e1480021076860.jpg\" alt=\"20161123_114109\" width=\"550\" height=\"309\"><\/p>\n<p>Ayer desde las 11 horas se paraliz\u00f3 la atenci\u00f3n en la Direcci\u00f3n de Administraci\u00f3n del Ministerio de Educaci\u00f3n de la Provincia debido a estado de asamblea que inici\u00f3 ATE en toda la repartici\u00f3n. El organismo,que se ocupa de los tr\u00e1mites administrativos de los docentes provinciales, se llen\u00f3 de trabajadores en la planta baja, a donde concurrieron compa\u00f1eros&nbsp;del sector.<\/p>\n<p>Todo surgi\u00f3 a partir del incumplimiento de las autoridades de los compromisos asumidos en sendas actas acuerdos firmadas con el cuerpo de delegados de la repartici\u00f3n, para abonar con el salario de octubre pasado un adicional remunerativo que ya vienen cobrando otras reparticiones que dependen del mismo estatuto.<\/p>\n<p><img loading=\"lazy\" decoding=\"async\" class=\"aligncenter size-full wp-image-7681\" src=\"http:\/\/www.atecordoba.org\/wp-content\/uploads\/2016\/11\/WhatsApp-Image-2016-11-23-at-12.05.58-e1480021139397.jpeg\" alt=\"whatsapp-image-2016-11-23-at-12-05-58\" width=\"550\" height=\"978\"><\/p>\n<p>En consecuencia, los compa\u00f1eros iniciaron el plan de lucha que incluye el rechazo al bono de fin de a\u00f1o que el gobierno amaga con pagar para calmar los reclamos de recomposici\u00f3n salarial para compensar &nbsp;la p\u00e9rdida del poder adquisitivo de los salarios durante el 2016.&nbsp;<\/p>\n<p>En la oportunidad estuvieron presentes, el secretario Adjunto del Consejo Directivo Provincial (CDP), Luis Barcena, el Gremial, Diego Guerra, de Prensa, Daniel Pawluchuzk, y el secretario de Organizaci\u00f3n, V\u00edctor Lecuona, junto a compa\u00f1eros de diversos sectores provinciales y nacionales que se acercaron a llevar su solidaridad.<\/p>\n<p><img loading=\"lazy\" decoding=\"async\" class=\"aligncenter size-full wp-image-7682\" src=\"http:\/\/www.atecordoba.org\/wp-content\/uploads\/2016\/11\/WhatsApp-Image-2016-11-23-at-15.17.07-e1480021168850.jpeg\" alt=\"whatsapp-image-2016-11-23-at-15-17-07\" width=\"550\" height=\"309\"><\/p>\n<p>&#8220;Estamos en la pelea para hacer respetar los acuerdos, para que no se perjudiquen los compa\u00f1eros con los desmanejos administrativos y podemos compensar aunque sea un poco el alica\u00eddo salario de esta casa con ese adicional que ahora no nos quieren pagar. Somos los trabajadores provinciales con peores sueldos de la administraci\u00f3n p\u00fablica y sabemos que ese es el castigo por no aceptar ser parte del proceso que implica el desconocimiento al estatuto, a la org\u00e1nica y a la carrera administrativa&#8221;, explic\u00f3 en la asamblea el delegado de ATE Gustavo Valenzuela.<\/p>\n<p>Los trabajadores denunciaron tambi\u00e9n el nombramiento a dedo de parientes de funcionarios en diversos organismos dependientes del Ministerio de Educaci\u00f3n sin cumplimentar los requisitos b\u00e1sicos para cada cargo como lo indica la ley, y cobrando sueldos muy superiores al personal de planta permanente con muchos a\u00f1os de antig\u00fcedad. Por caso, dieron el ejemplo del hijo del ministro de Educaci\u00f3n Walter Grahovac, que trabaja en una dependencia fantasma del mismo Ministerio y cuyo salario es superior a un compa\u00f1ero con 25 a\u00f1os de antig\u00fcedad, siendo contratado y con m\u00ednima antig\u00fcedad. Los compa\u00f1eros se\u00f1alaron que ese caso es s\u00f3lo uno m\u00e1s de los que se repiten en Educaci\u00f3n \u00b4&#8221;que se volvi\u00f3 una zona liberada para el nombramiento de parientes y familiares directos de funcionarios&#8221;, acus\u00f3&nbsp;Valenzuela.&nbsp;<\/p>\n<p>Otras irregularidades denunciadas son el nombramiento de trabajadores a dedo que no cuentan con secundario completo, certificados de buena conducta o salud, sin los requisitos m\u00ednimos que exige la normativa para el ingreso de cualquier trabajador al sector.<\/p>\n<p>&#8220;Estamos peleando tambi\u00e9n porque rechazamos el bono de fin de a\u00f1o. En la provincia debe haber reapertura de paritarias porque perdimos mucho salario durante el a\u00f1o y no nos van a arreglar con algo simb\u00f3lico que no influye en ning\u00fan remunerativo de ley&#8221;, complet\u00f3 el delegado.<\/p>\n<p>A su turno, Luis Barcena, felicit\u00f3 a los trabajadores por la convicci\u00f3n y el compromiso en la lucha que llevan a adelante y destac\u00f3 el consenso que tiene el plan de lucha entre los compa\u00f1eros, que llev\u00f3 a paralizar completamente la actividad durante la asamblea, que posteriormente se repiti\u00f3 en el turno tarde.&nbsp;<\/p>\n<p>Al mismo tiempo, el dirigente se\u00f1al\u00f3 las mejoras en las condiciones de trabajo que el cuerpo de delegados de ATE logr\u00f3 en los \u00faltimos tiempos, que redundaron tambi\u00e9n en beneficios para los docentes que van a realizar sus tr\u00e1mites en la repartici\u00f3n &#8220;como el ascensor para discapacitados que se instal\u00f3 recientemente, fruto del reclamo de los compa\u00f1eros&#8221;.&nbsp;<\/p>\n<div class=\"epyt-video-wrapper\"><iframe loading=\"lazy\"  style=\"display: block; margin: 0px auto;\"  id=\"_ytid_95573\"  width=\"480\" height=\"270\"  data-origwidth=\"480\" data-origheight=\"270\" src=\"https:\/\/www.youtube.com\/embed\/nj7FAr4a71w?enablejsapi=1&#038;autoplay=0&#038;cc_load_policy=0&#038;cc_lang_pref=&#038;iv_load_policy=3&#038;loop=0&#038;rel=0&#038;fs=1&#038;playsinline=0&#038;autohide=2&#038;theme=dark&#038;color=red&#038;controls=1&#038;disablekb=0&#038;\" class=\"__youtube_prefs__  epyt-is-override  no-lazyload\" title=\"YouTube player\"  allow=\"fullscreen; accelerometer; autoplay; clipboard-write; encrypted-media; gyroscope; picture-in-picture; web-share\" referrerpolicy=\"strict-origin-when-cross-origin\" allowfullscreen data-no-lazy=\"1\" data-skipgform_ajax_framebjll=\"\"><\/iframe><\/div>\n<p>Barcena hizo tambi\u00e9n un balance de la actividad gremial del a\u00f1o que va finalizando, resumiendo lo acontecido desde enero, con el conflicto por el despido de trabajadores municipales en Unquillo y otras localidades del interior, los paros que ATE llev\u00f3 a cabo en rechazo de la pol\u00edtica de Macri y Schiaretti, y la coherencia en la posici\u00f3n del sindicato ante los despidos, la ca\u00edda del salario y el reclamo permanente por el pase a planta de los contratados.<\/p>\n<p>&#8220;Siempre los trabajadores estatales ponemos lo mejor para que esto pueda funcionar. No as\u00ed la pol\u00edtica de gobierno, que es de ajuste, de despido, de achique salarial y que atendamos cuando podamos. F\u00edjense que ahora en salud los enfermeros tienen que atender al doble de pacientes. Este gobernador dec\u00eda que era otra cosa pero es m\u00e1s de lo mismo que el gobierno nacional&#8221;, afirm\u00f3 Barcena.<\/p>\n<p>&#8220;Ahora hay m\u00e1s ajuste, menos salario y m\u00e1s precarizaci\u00f3n&#8221;, concluy\u00f3 el dirigente.<\/p>\n","protected":false},"excerpt":{"rendered":"<p>Los trabajadores cortaron la calle Santa Rosa, frente a la Direcci\u00f3n de Administraci\u00f3n de la cartera educativa, en reclamo del cumplimiento de un acuerdo salarial que inclu\u00eda un adicional remunerativo que ahora el gobierno se niega a pagar. Denuncia por desmanejo administrativo, rechazo al bono y reclamo de reapertura de paritaria. Ayer desde las 11 [&hellip;]<\/p>\n","protected":false},"author":1,"featured_media":19220,"comment_status":"open","ping_status":"open","sticky":false,"template":"","format":"standard","meta":{"_exactmetrics_skip_tracking":false,"_exactmetrics_sitenote_active":false,"_exactmetrics_sitenote_note":"","_exactmetrics_sitenote_category":0,"jnews-multi-image_gallery":[],"jnews_single_post":[],"jnews_primary_category":[],"jnews_social_meta":[],"jnews_review":[],"enable_review":"","type":"","name":"","summary":"","brand":"","sku":"","good":[],"bad":[],"score_override":"","override_value":"","rating":[],"price":[],"jnews_override_counter":[],"jnews_post_split":[],"footnotes":""},"categories":[114,8],"tags":[],"class_list":["post-7676","post","type-post","status-publish","format-standard","has-post-thumbnail","hentry","category-ministerio-educacion","category-provinciales"],"jetpack_featured_media_url":"https:\/\/atecordoba.org\/wp-content\/uploads\/2020\/05\/logo-nuevochico-e1561581322808.png","_links":{"self":[{"href":"https:\/\/atecordoba.org\/index.php?rest_route=\/wp\/v2\/posts\/7676","targetHints":{"allow":["GET"]}}],"collection":[{"href":"https:\/\/atecordoba.org\/index.php?rest_route=\/wp\/v2\/posts"}],"about":[{"href":"https:\/\/atecordoba.org\/index.php?rest_route=\/wp\/v2\/types\/post"}],"author":[{"embeddable":true,"href":"https:\/\/atecordoba.org\/index.php?rest_route=\/wp\/v2\/users\/1"}],"replies":[{"embeddable":true,"href":"https:\/\/atecordoba.org\/index.php?rest_route=%2Fwp%2Fv2%2Fcomments&post=7676"}],"version-history":[{"count":0,"href":"https:\/\/atecordoba.org\/index.php?rest_route=\/wp\/v2\/posts\/7676\/revisions"}],"wp:featuredmedia":[{"embeddable":true,"href":"https:\/\/atecordoba.org\/index.php?rest_route=\/wp\/v2\/media\/19220"}],"wp:attachment":[{"href":"https:\/\/atecordoba.org\/index.php?rest_route=%2Fwp%2Fv2%2Fmedia&parent=7676"}],"wp:term":[{"taxonomy":"category","embeddable":true,"href":"https:\/\/atecordoba.org\/index.php?rest_route=%2Fwp%2Fv2%2Fcategories&post=7676"},{"taxonomy":"post_tag","embeddable":true,"href":"https:\/\/atecordoba.org\/index.php?rest_route=%2Fwp%2Fv2%2Ftags&post=7676"}],"curies":[{"name":"wp","href":"https:\/\/api.w.org\/{rel}","templated":true}]}}