{"id":7672,"date":"2016-11-23T16:43:38","date_gmt":"2016-11-23T19:43:38","guid":{"rendered":"http:\/\/www.atecordoba.org\/?p=7672"},"modified":"2020-06-09T15:39:07","modified_gmt":"2020-06-09T18:39:07","slug":"cine-debate-en-la-ex-casa-cuna-contra-la-violencia-de-genero","status":"publish","type":"post","link":"https:\/\/atecordoba.org\/?p=7672","title":{"rendered":"Cine debate en la ex Casa Cuna contra la violencia de g\u00e9nero"},"content":{"rendered":"<p><em>La actividad se llevar\u00e1 a cabo ma\u00f1ana en el Hospital Pedi\u00e1trico (ex Casa Cuna) en el marco de la semana por la eliminaci\u00f3n de toda violencia contra la Mujer. Se&nbsp;proyectar\u00e1 la pel\u00edcula Salsipuedes, con la presencia de su actriz principal Mara Santucho.<\/em><\/p>\n<p><img loading=\"lazy\" decoding=\"async\" class=\"aligncenter size-full wp-image-7673\" src=\"http:\/\/atecordoba.org\/wp-content\/uploads\/2020\/06\/WhatsApp-Image-2016-11-23-at-15.48.53-e1479929835932.jpg\" alt=\"whatsapp-image-2016-11-23-at-15-48-53\" width=\"550\" height=\"783\"><\/p>\n<p>Esta previsto que la pel\u00edcula se proyecte a partir de las 14 horas en el Sal\u00f3n de Actos de la ex Casa Cuna, cita en avenida Castro Barros 650. La actividad se desarrolla en el marco de actividades que en distintos sectores del Estado se est\u00e1n realizando por la Lucha contra todo tipo de violencia contra la mujer, en esta oportunidad organizada por el Departamento de Salud de ATE C\u00f3rdoba.<\/p>\n<p>Finalizada la pel\u00edcula, se realizar\u00e1 una charla debate con la presencia de la actriz principal del film, Mara Santucho, reconocida artista cordobesa.&nbsp;<\/p>\n<p>&nbsp;<\/p>\n<p>&nbsp;<\/p>\n","protected":false},"excerpt":{"rendered":"<p>La actividad se llevar\u00e1 a cabo ma\u00f1ana en el Hospital Pedi\u00e1trico (ex Casa Cuna) en el marco de la semana por la eliminaci\u00f3n de toda violencia contra la Mujer. Se&nbsp;proyectar\u00e1 la pel\u00edcula Salsipuedes, con la presencia de su actriz principal Mara Santucho. Esta previsto que la pel\u00edcula se proyecte a partir de las 14 horas [&hellip;]<\/p>\n","protected":false},"author":1,"featured_media":19220,"comment_status":"open","ping_status":"open","sticky":false,"template":"","format":"standard","meta":{"_exactmetrics_skip_tracking":false,"_exactmetrics_sitenote_active":false,"_exactmetrics_sitenote_note":"","_exactmetrics_sitenote_category":0,"jnews-multi-image_gallery":[],"jnews_single_post":[],"jnews_primary_category":[],"jnews_social_meta":[],"jnews_review":[],"enable_review":"","type":"","name":"","summary":"","brand":"","sku":"","good":[],"bad":[],"score_override":"","override_value":"","rating":[],"price":[],"jnews_override_counter":[],"jnews_post_split":[],"footnotes":""},"categories":[325],"tags":[],"class_list":["post-7672","post","type-post","status-publish","format-standard","has-post-thumbnail","hentry","category-generos-y-diversidades"],"jetpack_featured_media_url":"https:\/\/atecordoba.org\/wp-content\/uploads\/2020\/05\/logo-nuevochico-e1561581322808.png","_links":{"self":[{"href":"https:\/\/atecordoba.org\/index.php?rest_route=\/wp\/v2\/posts\/7672","targetHints":{"allow":["GET"]}}],"collection":[{"href":"https:\/\/atecordoba.org\/index.php?rest_route=\/wp\/v2\/posts"}],"about":[{"href":"https:\/\/atecordoba.org\/index.php?rest_route=\/wp\/v2\/types\/post"}],"author":[{"embeddable":true,"href":"https:\/\/atecordoba.org\/index.php?rest_route=\/wp\/v2\/users\/1"}],"replies":[{"embeddable":true,"href":"https:\/\/atecordoba.org\/index.php?rest_route=%2Fwp%2Fv2%2Fcomments&post=7672"}],"version-history":[{"count":1,"href":"https:\/\/atecordoba.org\/index.php?rest_route=\/wp\/v2\/posts\/7672\/revisions"}],"predecessor-version":[{"id":19995,"href":"https:\/\/atecordoba.org\/index.php?rest_route=\/wp\/v2\/posts\/7672\/revisions\/19995"}],"wp:featuredmedia":[{"embeddable":true,"href":"https:\/\/atecordoba.org\/index.php?rest_route=\/wp\/v2\/media\/19220"}],"wp:attachment":[{"href":"https:\/\/atecordoba.org\/index.php?rest_route=%2Fwp%2Fv2%2Fmedia&parent=7672"}],"wp:term":[{"taxonomy":"category","embeddable":true,"href":"https:\/\/atecordoba.org\/index.php?rest_route=%2Fwp%2Fv2%2Fcategories&post=7672"},{"taxonomy":"post_tag","embeddable":true,"href":"https:\/\/atecordoba.org\/index.php?rest_route=%2Fwp%2Fv2%2Ftags&post=7672"}],"curies":[{"name":"wp","href":"https:\/\/api.w.org\/{rel}","templated":true}]}}