{"id":7670,"date":"2016-11-22T18:07:06","date_gmt":"2016-11-22T21:07:06","guid":{"rendered":"http:\/\/www.atecordoba.org\/?p=7670"},"modified":"2016-11-22T18:07:06","modified_gmt":"2016-11-22T21:07:06","slug":"no-al-bono-reapertura-de-paritarias-en-la-provincia","status":"publish","type":"post","link":"https:\/\/atecordoba.org\/?p=7670","title":{"rendered":"No al bono, reapertura de paritarias en la Provincia"},"content":{"rendered":"<p><em>Ante los trascendidos period\u00edsticos, respecto al pago de una bonificaci\u00f3n por \u00fanica vez de parte del gobierno provincial, ATE hace p\u00fablico su rechazo a dicha medida, reclamando una vez m\u00e1s la convocatoria a una mesa de discusi\u00f3n salarial donde tratar una recomposici\u00f3n salarial de fin de a\u00f1o, acorde a la p\u00e9rdida del poder adquisitivo que sufrieron los salarios durante el corriente a\u00f1o.<\/em><\/p>\n<p><em><img loading=\"lazy\" decoding=\"async\" class=\"aligncenter size-full wp-image-7375\" src=\"http:\/\/www.atecordoba.org\/wp-content\/uploads\/2016\/09\/20160927_110923-e1475097735444.jpg\" alt=\"20160927_110923\" width=\"550\" height=\"309\"><\/em><\/p>\n<p>En tal sentido, cabe se\u00f1alar que este bono s\u00f3lo confirma la degradaci\u00f3n del salario, toda vez que no se incluye en el b\u00e1sico ni cuenta en el c\u00e1lculo para discutir la pauta salarial del a\u00f1o que viene.<\/p>\n<p>Se trata de meras migajas para tratar de dejar tranquilos a los trabajadores en un fin de a\u00f1o que se vislumbra a todas luces como problem\u00e1tico en la mesa de las familias cordobesas.<\/p>\n<p>Vale recordar que el gobierno provincial otorg\u00f3 una pauta salarial cercana al 26% dejando en evidencia que los trabajadores provinciales perdimos, como m\u00ednimo, un 14% de nuestro salario real durante el 2016.<\/p>\n<p>A esto se suma la previsi\u00f3n presupuestaria de una pauta para el 2017 del 18%, todo lo cual configura una recomposici\u00f3n de s\u00f3lo el 4% para todo el a\u00f1o que viene, si se tiene en cuenta lo perdido este a\u00f1o.<\/p>\n<p>En consecuencia, el Consejo Directivo Provincial mantendr\u00e1 firme el reclamo a pesar de la clara pol\u00edtica antipopular del gobierno de Schiaretti.<\/p>\n<p>&nbsp;<\/p>\n","protected":false},"excerpt":{"rendered":"<p>Ante los trascendidos period\u00edsticos, respecto al pago de una bonificaci\u00f3n por \u00fanica vez de parte del gobierno provincial, ATE hace p\u00fablico su rechazo a dicha medida, reclamando una vez m\u00e1s la convocatoria a una mesa de discusi\u00f3n salarial donde tratar una recomposici\u00f3n salarial de fin de a\u00f1o, acorde a la p\u00e9rdida del poder adquisitivo que [&hellip;]<\/p>\n","protected":false},"author":1,"featured_media":19220,"comment_status":"open","ping_status":"open","sticky":false,"template":"","format":"standard","meta":{"_exactmetrics_skip_tracking":false,"_exactmetrics_sitenote_active":false,"_exactmetrics_sitenote_note":"","_exactmetrics_sitenote_category":0,"jnews-multi-image_gallery":[],"jnews_single_post":[],"jnews_primary_category":[],"jnews_social_meta":[],"jnews_review":[],"enable_review":"","type":"","name":"","summary":"","brand":"","sku":"","good":[],"bad":[],"score_override":"","override_value":"","rating":[],"price":[],"jnews_override_counter":[],"jnews_post_split":[],"footnotes":""},"categories":[53,8],"tags":[],"class_list":["post-7670","post","type-post","status-publish","format-standard","has-post-thumbnail","hentry","category-comunicados-de-prensa","category-provinciales"],"jetpack_featured_media_url":"https:\/\/atecordoba.org\/wp-content\/uploads\/2020\/05\/logo-nuevochico-e1561581322808.png","_links":{"self":[{"href":"https:\/\/atecordoba.org\/index.php?rest_route=\/wp\/v2\/posts\/7670","targetHints":{"allow":["GET"]}}],"collection":[{"href":"https:\/\/atecordoba.org\/index.php?rest_route=\/wp\/v2\/posts"}],"about":[{"href":"https:\/\/atecordoba.org\/index.php?rest_route=\/wp\/v2\/types\/post"}],"author":[{"embeddable":true,"href":"https:\/\/atecordoba.org\/index.php?rest_route=\/wp\/v2\/users\/1"}],"replies":[{"embeddable":true,"href":"https:\/\/atecordoba.org\/index.php?rest_route=%2Fwp%2Fv2%2Fcomments&post=7670"}],"version-history":[{"count":0,"href":"https:\/\/atecordoba.org\/index.php?rest_route=\/wp\/v2\/posts\/7670\/revisions"}],"wp:featuredmedia":[{"embeddable":true,"href":"https:\/\/atecordoba.org\/index.php?rest_route=\/wp\/v2\/media\/19220"}],"wp:attachment":[{"href":"https:\/\/atecordoba.org\/index.php?rest_route=%2Fwp%2Fv2%2Fmedia&parent=7670"}],"wp:term":[{"taxonomy":"category","embeddable":true,"href":"https:\/\/atecordoba.org\/index.php?rest_route=%2Fwp%2Fv2%2Fcategories&post=7670"},{"taxonomy":"post_tag","embeddable":true,"href":"https:\/\/atecordoba.org\/index.php?rest_route=%2Fwp%2Fv2%2Ftags&post=7670"}],"curies":[{"name":"wp","href":"https:\/\/api.w.org\/{rel}","templated":true}]}}