{"id":7667,"date":"2016-11-22T16:53:15","date_gmt":"2016-11-22T19:53:15","guid":{"rendered":"http:\/\/www.atecordoba.org\/?p=7667"},"modified":"2016-11-22T16:53:15","modified_gmt":"2016-11-22T19:53:15","slug":"asamblea-resentira-manana-la-atencion-en-el-ministerio-de-educacion-de-la-provincia","status":"publish","type":"post","link":"https:\/\/atecordoba.org\/?p=7667","title":{"rendered":"Asamblea resentir\u00e1 ma\u00f1ana la atenci\u00f3n en el Ministerio de Educaci\u00f3n de la Provincia"},"content":{"rendered":"<p>&nbsp;<\/p>\n<p><em>ATE realizar\u00e1 ma\u00f1ana&nbsp; la medida en los dos turnos de atenci\u00f3n ante la falta de cumplimiento del pago de un item salarial comprometido por las autoridades de la Direcci\u00f3n de Administraci\u00f3n de la cartera que conduce Walter Grahovak.<\/em><\/p>\n<p><img loading=\"lazy\" decoding=\"async\" class=\"aligncenter size-full wp-image-7668\" src=\"http:\/\/www.atecordoba.org\/wp-content\/uploads\/2016\/11\/57_asamblea-educacion-e1479844174884.jpg\" alt=\"57_asamblea-educacion\" width=\"550\" height=\"413\"><\/p>\n<p>Se trata concretamente de un adicional acordado con el Ministerio mediante un acta firmada con ATE que ahora las autoridades se niegan a concretar.<\/p>\n<p>Los trabajadores realizar\u00e1n asambleas en la Direcci\u00f3n de Administraci\u00f3n, Santa Rosa 751, en el turno ma\u00f1ana, a partir de las 11 horas, y en el de la tarde, a partir de las 15, a la espera de una convocatoria de las autoridades para rever la situaci\u00f3n que aflige a las familias en momentos donde la p\u00e9rdida de poder adquisitivo del salario de los trabajadores amenaza con afectar las fiestas de fin de a\u00f1o.<\/p>\n<p>Adem\u00e1s, el cuerpo de delegados de ATE convoca a una conferencia de prensa para denunciar las irregularidades administrativas detectadas en el organismo, que har\u00e1n p\u00fablicas ya que los funcionarios responsables fueron puestos al tanto y no tomaron ninguna medida para corregir la situaci\u00f3n.<\/p>\n","protected":false},"excerpt":{"rendered":"<p>&nbsp; ATE realizar\u00e1 ma\u00f1ana&nbsp; la medida en los dos turnos de atenci\u00f3n ante la falta de cumplimiento del pago de un item salarial comprometido por las autoridades de la Direcci\u00f3n de Administraci\u00f3n de la cartera que conduce Walter Grahovak. Se trata concretamente de un adicional acordado con el Ministerio mediante un acta firmada con ATE [&hellip;]<\/p>\n","protected":false},"author":1,"featured_media":19220,"comment_status":"open","ping_status":"open","sticky":false,"template":"","format":"standard","meta":{"_exactmetrics_skip_tracking":false,"_exactmetrics_sitenote_active":false,"_exactmetrics_sitenote_note":"","_exactmetrics_sitenote_category":0,"jnews-multi-image_gallery":[],"jnews_single_post":[],"jnews_primary_category":[],"jnews_social_meta":[],"jnews_review":[],"enable_review":"","type":"","name":"","summary":"","brand":"","sku":"","good":[],"bad":[],"score_override":"","override_value":"","rating":[],"price":[],"jnews_override_counter":[],"jnews_post_split":[],"footnotes":""},"categories":[1],"tags":[],"class_list":["post-7667","post","type-post","status-publish","format-standard","has-post-thumbnail","hentry","category-sin-categoria"],"jetpack_featured_media_url":"https:\/\/atecordoba.org\/wp-content\/uploads\/2020\/05\/logo-nuevochico-e1561581322808.png","_links":{"self":[{"href":"https:\/\/atecordoba.org\/index.php?rest_route=\/wp\/v2\/posts\/7667","targetHints":{"allow":["GET"]}}],"collection":[{"href":"https:\/\/atecordoba.org\/index.php?rest_route=\/wp\/v2\/posts"}],"about":[{"href":"https:\/\/atecordoba.org\/index.php?rest_route=\/wp\/v2\/types\/post"}],"author":[{"embeddable":true,"href":"https:\/\/atecordoba.org\/index.php?rest_route=\/wp\/v2\/users\/1"}],"replies":[{"embeddable":true,"href":"https:\/\/atecordoba.org\/index.php?rest_route=%2Fwp%2Fv2%2Fcomments&post=7667"}],"version-history":[{"count":0,"href":"https:\/\/atecordoba.org\/index.php?rest_route=\/wp\/v2\/posts\/7667\/revisions"}],"wp:featuredmedia":[{"embeddable":true,"href":"https:\/\/atecordoba.org\/index.php?rest_route=\/wp\/v2\/media\/19220"}],"wp:attachment":[{"href":"https:\/\/atecordoba.org\/index.php?rest_route=%2Fwp%2Fv2%2Fmedia&parent=7667"}],"wp:term":[{"taxonomy":"category","embeddable":true,"href":"https:\/\/atecordoba.org\/index.php?rest_route=%2Fwp%2Fv2%2Fcategories&post=7667"},{"taxonomy":"post_tag","embeddable":true,"href":"https:\/\/atecordoba.org\/index.php?rest_route=%2Fwp%2Fv2%2Ftags&post=7667"}],"curies":[{"name":"wp","href":"https:\/\/api.w.org\/{rel}","templated":true}]}}