{"id":7661,"date":"2016-11-21T17:24:55","date_gmt":"2016-11-21T20:24:55","guid":{"rendered":"http:\/\/www.atecordoba.org\/?p=7661"},"modified":"2016-11-21T17:24:55","modified_gmt":"2016-11-21T20:24:55","slug":"ate-nacional-en-el-encuentro-de-azucareros-del-noa","status":"publish","type":"post","link":"https:\/\/atecordoba.org\/?p=7661","title":{"rendered":"ATE nacional en el encuentro de azucareros del NOA"},"content":{"rendered":"<p><em>Hugo Godoy, Vicente Mart\u00ed y dirigentes de la CTA Aut\u00f3noma participaron del plenario de sindicatos que pelean contra la explotaci\u00f3n patronal.<\/em><\/p>\n<p><img loading=\"lazy\" decoding=\"async\" class=\"aligncenter size-full wp-image-7662\" src=\"http:\/\/www.atecordoba.org\/wp-content\/uploads\/2016\/11\/3-2-e1479759789380.jpg\" alt=\"3\" width=\"550\" height=\"356\"><\/p>\n<p><span style=\"font-style: inherit; font-weight: inherit;\">San Isidro es una localidad del departamento de General G\u00fcemes, Salta, a kil\u00f3metros de la ciudad capital. All\u00ed tiene su sede el Sindicato de Obreros y Empleados del Az\u00facar San Isidro. Su Secretario General, Mariano Cuenca, fue el anfitri\u00f3n de un encuentro que reuni\u00f3 a dirigentes del Sindicato de Obreros y Empleados del Az\u00facar del Ingenio Ledesma, encabezado por Rafael Vargas, el Sindicato de Obreros y Empleados del Az\u00facar de Ingenio La Esperanza, cuyo titular es Sergio Ju\u00e1rez, el Sindicato de Obreros del Az\u00facar del Ingenio R\u00edo Grande La Mendieta, conducido por Jos\u00e9 Antonio Reales, el Centro de Empleados del Az\u00facar del Ingenio R\u00edo Grande, liderado por \u00c1ngel Ledesma, y el Sindicato de Trabajadores del Az\u00facar del Ingenio San Mart\u00edn del Tabacal, representado por Martin Olivera<b><strong style=\"font-style: inherit;\">.<\/strong><\/b><\/span><\/p>\n<p><span style=\"font-style: inherit; font-weight: inherit;\">Las organizaciones presentaron un informe del Observatorio de Derecho Social de la<\/span><\/p>\n<p><span style=\"font-style: inherit; font-weight: inherit;\">CTA Aut\u00f3noma a la que est\u00e1n afiliadas, en el que se denuncia la explotaci\u00f3n, persecuci\u00f3n y represi\u00f3n de las que son objeto los trabajadores, sus delegados y sindicatos. <\/span><\/p>\n<p><span style=\"font-style: inherit; font-weight: inherit;\">Participaron tambi\u00e9n el Secretario General de ATE, Hugo Godoy, el de Interior, Vicente Marti, el Secretario Adjunto de la CTA Aut\u00f3noma, Ricardo Peidro, el Director del Departamento Jur\u00eddico de la CTA, Horacio Meguira, Luis Campos, del Observatorio del Derecho Social, y V\u00edctor de Gennaro, en representaci\u00f3n de la Comisi\u00f3n bonaerense por la Memoria.<\/span><\/p>\n<p><img loading=\"lazy\" decoding=\"async\" class=\"aligncenter size-full wp-image-7663\" src=\"http:\/\/www.atecordoba.org\/wp-content\/uploads\/2016\/11\/1-2-e1479759823149.jpg\" alt=\"1\" width=\"550\" height=\"358\"><\/p>\n<p><span style=\"font-style: inherit; font-weight: inherit;\">Justamente, el hist\u00f3rico dirigente de ATE y CTA llev\u00f3 la propuesta de realizar el martes pr\u00f3ximo una audiencia en el Congreso Nacional, impulsada por las comisiones de Derechos Humanos y Trabajo de Diputados. La iniciativa fue aprobada, como as\u00ed tambi\u00e9n la movilizaci\u00f3n de la central sindical a las casas de las provincias de Salta y Jujuy en Buenos Aires, fijada para el mi\u00e9rcoles 30. <\/span><\/p>\n<p><span style=\"font-style: inherit; font-weight: inherit;\"><b><strong style=\"font-style: inherit;\">Voces<\/strong><\/b><\/span><\/p>\n<p><span style=\"font-style: inherit; font-weight: inherit;\">\u201cEl gobierno nacional responde sin duda a las patronales. Es un gobierno de ricos que desprecia las necesidades de los trabajadores. Se manifiesta en la represi\u00f3n a los compa\u00f1eros de El Tabacal y Libertador General San Mart\u00edn. Intentan as\u00ed quebrarlos, pero su conciencia impidi\u00f3 que el quiebre se produjera\u201d, enfatiz\u00f3 Hugo Godoy de ATE.<\/span><\/p>\n<p><span style=\"font-style: inherit; font-weight: inherit;\">El Secretario Adjunto de la CTA Aut\u00f3noma, Ricardo Peidr\u00f3, expres\u00f3 en tanto que \u201clas patronales de los grupos concentrados y de intereses fuertes tienen el mismo discurso y pr\u00e1ctica, sean privados o parte del Estado. Mantienen como objetivo maximizar su renta y criminalizar asimismo la protesta social. Vencerlos depende de nuestra organizaci\u00f3n&nbsp; y resistencia\u201d. <\/span><\/p>\n<p><span style=\"font-style: inherit; font-weight: inherit;\">De Gennaro, en tanto, V\u00edctor de Gennaro explic\u00f3 que \u201cel objetivo de este encuentro es nacionalizar la situaci\u00f3n de los trabajadores del az\u00facar, sus luchas y las conquistas que tienen por delante. Tambi\u00e9n es una expresi\u00f3n de solidaridad contra los intentos de represi\u00f3n y persecuci\u00f3n a trabajadores, delegados y sindicatos\u201d.<\/span><\/p>\n<p><span style=\"font-style: inherit; font-weight: inherit;\"><b><strong style=\"font-style: inherit;\">El informe<\/strong><\/b><\/span><\/p>\n<p><span style=\"font-style: inherit; font-weight: inherit;\">Luis Campos, coautor del informe elaborado por el Observatorio de Derecho Social de la CTA Aut\u00f3noma, explic\u00f3 los pormenores de la realidad de los trabajadores azucareros del NEA. <\/span><\/p>\n<p><span style=\"font-style: inherit; font-weight: inherit;\">La industria constituye uno de los ejes productivos en la regi\u00f3n, de la que dependen directamente miles de trabajadores que realizan tareas en el campo y la industria.<\/span><\/p>\n<p><img loading=\"lazy\" decoding=\"async\" class=\"aligncenter size-full wp-image-7664\" src=\"http:\/\/www.atecordoba.org\/wp-content\/uploads\/2016\/11\/2-2-e1479759856532.jpg\" alt=\"2\" width=\"550\" height=\"340\"><\/p>\n<p><span style=\"font-style: inherit; font-weight: inherit;\">Centros urbanos como General G\u00fcemes (Salta), San Pedro (Jujuy), Libertador General San Mart\u00edn (Jujuy) u Or\u00e1n (Salta), dependen sustancialmente de la situaci\u00f3n que atraviesan los trabajadores de los ingenios San Isidro, La Esperanza, R\u00edo Grande, Ledesma y San Mart\u00edn del Tabacal.<\/span><\/p>\n<p><span style=\"font-style: inherit; font-weight: inherit;\">Sus sindicatos han promovido cambios muy importantes con la asunci\u00f3n de nuevas conducciones durante los \u00faltimos a\u00f1os. La consecuencia m\u00e1s visible de este proceso ha sido una recuperaci\u00f3n significativa del salario y una mejora de las condiciones laborales.<\/span><\/p>\n<p><span style=\"font-style: inherit; font-weight: inherit;\">Desde entonces los ejes de la acci\u00f3n sindical han estado puestos en diversos reclamos. Algunos comunes a toda la actividad y otros propios de cada uno de los ingenios. Por ejemplo, la lucha por la defensa de los puestos de trabajo en el Ingenio La Esperanza, los reclamos en contra de las cuatro pr\u00e1cticas anti sindicales en el Ingenio Ledesma, las acciones tendientes a visibilizar las violaciones de derechos laborales de los trabajadores de las fincas y de los ca\u00f1eros independientes en los Ingenios R\u00edo Grande y San Isidro, la resistencia a la imposici\u00f3n de medidas de flexibilizaci\u00f3n laboral en el Ingenio San Mart\u00edn del Tabacal.<\/span><\/p>\n<p><span style=\"font-style: inherit; font-weight: inherit;\">La respuesta patronal ha tenido diversas modalidades, pero en los \u00faltimos a\u00f1os se ha radicalizado y en muchos casos se han impulsado verdaderas pol\u00edticas anti sindicales que han forzado a los trabajadores a desarrollar conflictos de alta intensidad. En este sentido, las patronales han recurrido recientemente al auxilio de las fuerzas represivas, quienes han actuado como brazos de las estrategias de respuesta de los empleadores a las demandas sindicales. <\/span><\/p>\n<p><span style=\"font-style: inherit; font-weight: inherit;\">A ello debe sumarse la apertura de causas penales que habitualmente se dirigen contra los dirigentes de las organizaciones sindicales que llevan adelante los reclamos laborales. El Secretario General del Sindicato de Trabajadores del Ingenio San Isidro, por caso, tiene abiertas al menos once causas penales originadas en conflictos laborales. Los representantes del Sindicato de Trabajadores del Ingenio Ledesma han sido acusados de diversos delitos en el marco de conflictos laborales en los a\u00f1os 2013, 2014, 2015 y 2016. Miembros de la Comisi\u00f3n Directiva del Sindicato El Tabacal afirmaron haber perdido la cuenta de las denuncias penales que la empresa efectu\u00f3 en su contra durante los \u00faltimos ocho a\u00f1os.<\/span><\/p>\n","protected":false},"excerpt":{"rendered":"<p>Hugo Godoy, Vicente Mart\u00ed y dirigentes de la CTA Aut\u00f3noma participaron del plenario de sindicatos que pelean contra la explotaci\u00f3n patronal. San Isidro es una localidad del departamento de General G\u00fcemes, Salta, a kil\u00f3metros de la ciudad capital. All\u00ed tiene su sede el Sindicato de Obreros y Empleados del Az\u00facar San Isidro. Su Secretario General, [&hellip;]<\/p>\n","protected":false},"author":1,"featured_media":19220,"comment_status":"open","ping_status":"open","sticky":false,"template":"","format":"standard","meta":{"_exactmetrics_skip_tracking":false,"_exactmetrics_sitenote_active":false,"_exactmetrics_sitenote_note":"","_exactmetrics_sitenote_category":0,"jnews-multi-image_gallery":[],"jnews_single_post":[],"jnews_primary_category":[],"jnews_social_meta":[],"jnews_review":[],"enable_review":"","type":"","name":"","summary":"","brand":"","sku":"","good":[],"bad":[],"score_override":"","override_value":"","rating":[],"price":[],"jnews_override_counter":[],"jnews_post_split":[],"footnotes":""},"categories":[10],"tags":[],"class_list":["post-7661","post","type-post","status-publish","format-standard","has-post-thumbnail","hentry","category-accion-politica"],"jetpack_featured_media_url":"https:\/\/atecordoba.org\/wp-content\/uploads\/2020\/05\/logo-nuevochico-e1561581322808.png","_links":{"self":[{"href":"https:\/\/atecordoba.org\/index.php?rest_route=\/wp\/v2\/posts\/7661","targetHints":{"allow":["GET"]}}],"collection":[{"href":"https:\/\/atecordoba.org\/index.php?rest_route=\/wp\/v2\/posts"}],"about":[{"href":"https:\/\/atecordoba.org\/index.php?rest_route=\/wp\/v2\/types\/post"}],"author":[{"embeddable":true,"href":"https:\/\/atecordoba.org\/index.php?rest_route=\/wp\/v2\/users\/1"}],"replies":[{"embeddable":true,"href":"https:\/\/atecordoba.org\/index.php?rest_route=%2Fwp%2Fv2%2Fcomments&post=7661"}],"version-history":[{"count":0,"href":"https:\/\/atecordoba.org\/index.php?rest_route=\/wp\/v2\/posts\/7661\/revisions"}],"wp:featuredmedia":[{"embeddable":true,"href":"https:\/\/atecordoba.org\/index.php?rest_route=\/wp\/v2\/media\/19220"}],"wp:attachment":[{"href":"https:\/\/atecordoba.org\/index.php?rest_route=%2Fwp%2Fv2%2Fmedia&parent=7661"}],"wp:term":[{"taxonomy":"category","embeddable":true,"href":"https:\/\/atecordoba.org\/index.php?rest_route=%2Fwp%2Fv2%2Fcategories&post=7661"},{"taxonomy":"post_tag","embeddable":true,"href":"https:\/\/atecordoba.org\/index.php?rest_route=%2Fwp%2Fv2%2Ftags&post=7661"}],"curies":[{"name":"wp","href":"https:\/\/api.w.org\/{rel}","templated":true}]}}