{"id":7645,"date":"2016-11-18T15:15:09","date_gmt":"2016-11-18T18:15:09","guid":{"rendered":"http:\/\/www.atecordoba.org\/?p=7645"},"modified":"2016-11-18T15:15:09","modified_gmt":"2016-11-18T18:15:09","slug":"senasa-ate-logro-la-reincorporacion-de-una-trabajadora-cesanteada-en-canals","status":"publish","type":"post","link":"https:\/\/atecordoba.org\/?p=7645","title":{"rendered":"Senasa: ATE logr\u00f3 la reincorporaci\u00f3n de una trabajadora cesanteada en\u00a0Canals"},"content":{"rendered":"<p><em>Tras una audiencia con autoridades del organismo en la provincia, ATE logro la reincorporaci\u00f3n de una trabajadora cesanteada.<\/em><\/p>\n<p><img loading=\"lazy\" decoding=\"async\" class=\"aligncenter size-full wp-image-7646\" src=\"http:\/\/www.atecordoba.org\/wp-content\/uploads\/2016\/11\/unnamed.jpg\" alt=\"unnamed\" width=\"500\" height=\"281\"><\/p>\n<p>El martes pasado se &nbsp;realiz\u00f3 una audiencia entre el Director General de Senasa C\u00f3rdoba &nbsp;Gabriel Casta\u00f1eda junto a H<strong>\u00e9<\/strong>ctor Gonzalez delegado de ATE Senasa, Federico Giuliani Secretario de Acci\u00f3n Pol\u00edtica del Consejo Directivo Provincial quien tambi\u00e9n es trabajador del organismo y Jorge Ravetti Coordinador Nacional ATE Senasa.&nbsp;<\/p>\n<p>En el encuentro entre las partes se planteo la reincorporaci\u00f3n de la cesanteada Paula Gonzalez trabajadora administrativa de Senasa Canals. Luego de reuniones con el organismo, la compa\u00f1era fue reincorporada a su lugar de trabajo.<\/p>\n<p>Por otro lado, ATE present<strong>\u00f3<\/strong> el petitorio &nbsp;consensuado en asamblea sobre la grave situaci\u00f3n &nbsp;laboral de los trabajadores de Senasa en la provincia. Falta de presupuesto, precarizaci<strong>\u00f3<\/strong>n, malas condiciones de seguridad en higiene laboral son algunas de las situaciones que padecen los compa\u00f1eros y las compa\u00f1eras. Este petitorio ser<strong>\u00e1<\/strong> presentado al Presidente del Senasa Ricardo Dillon.<\/p>\n<p>En estos casos, se ve la&nbsp;importancia de la organizaci\u00f3n y desde ATE queremos destacar la &nbsp;participaci\u00f3n de los compa\u00f1eros y su fortaleza para frenar injusticias.<\/p>\n","protected":false},"excerpt":{"rendered":"<p>Tras una audiencia con autoridades del organismo en la provincia, ATE logro la reincorporaci\u00f3n de una trabajadora cesanteada. El martes pasado se &nbsp;realiz\u00f3 una audiencia entre el Director General de Senasa C\u00f3rdoba &nbsp;Gabriel Casta\u00f1eda junto a H\u00e9ctor Gonzalez delegado de ATE Senasa, Federico Giuliani Secretario de Acci\u00f3n Pol\u00edtica del Consejo Directivo Provincial quien tambi\u00e9n es [&hellip;]<\/p>\n","protected":false},"author":1,"featured_media":19220,"comment_status":"open","ping_status":"open","sticky":false,"template":"","format":"standard","meta":{"_exactmetrics_skip_tracking":false,"_exactmetrics_sitenote_active":false,"_exactmetrics_sitenote_note":"","_exactmetrics_sitenote_category":0,"jnews-multi-image_gallery":[],"jnews_single_post":[],"jnews_primary_category":[],"jnews_social_meta":[],"jnews_review":[],"enable_review":"","type":"","name":"","summary":"","brand":"","sku":"","good":[],"bad":[],"score_override":"","override_value":"","rating":[],"price":[],"jnews_override_counter":[],"jnews_post_split":[],"footnotes":""},"categories":[18,112],"tags":[],"class_list":["post-7645","post","type-post","status-publish","format-standard","has-post-thumbnail","hentry","category-nacionales","category-senasa"],"jetpack_featured_media_url":"https:\/\/atecordoba.org\/wp-content\/uploads\/2020\/05\/logo-nuevochico-e1561581322808.png","_links":{"self":[{"href":"https:\/\/atecordoba.org\/index.php?rest_route=\/wp\/v2\/posts\/7645","targetHints":{"allow":["GET"]}}],"collection":[{"href":"https:\/\/atecordoba.org\/index.php?rest_route=\/wp\/v2\/posts"}],"about":[{"href":"https:\/\/atecordoba.org\/index.php?rest_route=\/wp\/v2\/types\/post"}],"author":[{"embeddable":true,"href":"https:\/\/atecordoba.org\/index.php?rest_route=\/wp\/v2\/users\/1"}],"replies":[{"embeddable":true,"href":"https:\/\/atecordoba.org\/index.php?rest_route=%2Fwp%2Fv2%2Fcomments&post=7645"}],"version-history":[{"count":0,"href":"https:\/\/atecordoba.org\/index.php?rest_route=\/wp\/v2\/posts\/7645\/revisions"}],"wp:featuredmedia":[{"embeddable":true,"href":"https:\/\/atecordoba.org\/index.php?rest_route=\/wp\/v2\/media\/19220"}],"wp:attachment":[{"href":"https:\/\/atecordoba.org\/index.php?rest_route=%2Fwp%2Fv2%2Fmedia&parent=7645"}],"wp:term":[{"taxonomy":"category","embeddable":true,"href":"https:\/\/atecordoba.org\/index.php?rest_route=%2Fwp%2Fv2%2Fcategories&post=7645"},{"taxonomy":"post_tag","embeddable":true,"href":"https:\/\/atecordoba.org\/index.php?rest_route=%2Fwp%2Fv2%2Ftags&post=7645"}],"curies":[{"name":"wp","href":"https:\/\/api.w.org\/{rel}","templated":true}]}}