{"id":7633,"date":"2016-11-17T19:39:34","date_gmt":"2016-11-17T22:39:34","guid":{"rendered":"http:\/\/www.atecordoba.org\/?p=7633"},"modified":"2020-07-02T11:38:15","modified_gmt":"2020-07-02T14:38:15","slug":"ate-realizo-hoy-una-jornada-de-protesta-con-corte-de-ruta-frente-al-aeropuerto-cordoba","status":"publish","type":"post","link":"https:\/\/atecordoba.org\/?p=7633","title":{"rendered":"ATE realiz\u00f3 una jornada de protesta con corte de ruta frente al Aeropuerto C\u00f3rdoba"},"content":{"rendered":"<p><em>La medida cont\u00f3 con el apoyo de compa\u00f1eros de otras provincias que participaron para solidarizarse con los cuatro trabajadores despedidos. Tras la medida de fuerza se anunci\u00f3 que el Ministerio de Transporte convoc\u00f3 a ATE para tratar el caso.<\/em><\/p>\n<p><img loading=\"lazy\" decoding=\"async\" class=\"aligncenter size-full wp-image-7634\" src=\"http:\/\/www.atecordoba.org\/wp-content\/uploads\/2016\/11\/WhatsApp-Image-2016-11-17-at-15.58.58-e1479421643147.jpeg\" alt=\"whatsapp-image-2016-11-17-at-15-58-58\" width=\"550\" height=\"309\"><\/p>\n<p>El despido de cuatro trabajadores del servicio de informaci\u00f3n aeron\u00e1utica del Aeropuerto C\u00f3rdoba desat\u00f3 hoy un conflicto que motivo una fuerte jornada de protesta convocada para hoy por ATE que moviliz\u00f3 a un centenar de trabajadores.<\/p>\n<p>Alrededor de las 11 horas, la columna de compa\u00f1eros se moviliz\u00f3 a la autopista de ingreso del Aeropuerto, realizando un corte en dos carriles y liberando una sola v\u00eda para la circulaci\u00f3n. Esta medida gener\u00f3 un embotellamiento del tr\u00e1nsito.<\/p>\n<p><img loading=\"lazy\" decoding=\"async\" class=\"aligncenter size-full wp-image-7635\" src=\"http:\/\/www.atecordoba.org\/wp-content\/uploads\/2016\/11\/foto-diario-2-e1479422033739.jpg\" alt=\"foto-diario-2\" width=\"550\" height=\"314\"><\/p>\n<p>La concentraci\u00f3n estuvo encabezada por la secretaria General de ATE, Mar\u00eda Liliana Salerno, junto a su Adjunto, Luis Barcena, y gran parte del secretariado del Consejo Provincial. As\u00ed tambi\u00e9n, estuvieron presentes compa\u00f1eros de la Coordinaci\u00f3n Nacional de ATE Anac-Eana, junto a trabajadores de los aeropuertos Ezeiza, Chaco, Bah\u00eda Blanca, San Luis, R\u00edo Cuarto, Sauce Viejo (Santa Fe) y provincia de Buenos Aires.<\/p>\n<p><img loading=\"lazy\" decoding=\"async\" class=\"aligncenter size-full wp-image-7636\" src=\"http:\/\/www.atecordoba.org\/wp-content\/uploads\/2016\/11\/WhatsApp-Image-2016-11-17-at-15.49.58-e1479422066482.jpeg\" alt=\"whatsapp-image-2016-11-17-at-15-49-58\" width=\"550\" height=\"309\"><\/p>\n<p>Posteriormente, la columna se traslad\u00f3 hasta el propio aeropuerto, donde ATE hizo sentir el reclamo en el hall central y realiz\u00f3 un acto improvisado ante los trabajadores y los pasajeros.<\/p>\n<p>A la hora de los discursos, Salerno alent\u00f3 a los compa\u00f1eros a mantener firme el plan de lucha. \u201cATE no va a cesar hasta que los cuatro compa\u00f1eros despedidos sean reincorporados. Lo reclamamos a trav\u00e9s del di\u00e1logo y no tuvimos la respuesta adecuada. Por lo tanto, vamos a continuar con diversas medidas hasta que los compa\u00f1eros tengan el lugar que les corresponde. Crearon una empresa nueva y no los trasladaron ni les quieren renovar el contrato en la ANAC, dej\u00e1ndolos en el limbo. A nosotros lo que nos interesa es que estos trabajadores recuperen su puesto trabajo\u201d, expres\u00f3 al secretaria General.<\/p>\n<p><img loading=\"lazy\" decoding=\"async\" class=\"aligncenter size-full wp-image-7637\" src=\"http:\/\/www.atecordoba.org\/wp-content\/uploads\/2016\/11\/WhatsApp-Image-2016-11-17-at-15.50.52-e1479422141354.jpeg\" alt=\"whatsapp-image-2016-11-17-at-15-50-52\" width=\"550\" height=\"330\"><\/p>\n<p>Adem\u00e1s, los trabajadores reclamaron la apertura de un \u00e1mbito de discusi\u00f3n para el convenio colectivo para trabajadores de la ANAC, el pago del racionamiento adeudado y el reintegro de las sumas descontadas del salario.<\/p>\n<p>\u201cEsta medida es parte del plan de lucha sectorial que se plantea. En caso de no resolverse favorablemente lo peticionado continuar\u00e1 replicando acciones directas en el resto de los aeropuertos &nbsp;del pa\u00eds y eventualmente en las sedes centrales de estos organismos\u201d, dijo Fernando Gatica, secretario Adjunto ATE San Luis y miembro de la coordinaci\u00f3n ATE Anac-Eana.<\/p>\n<p><img loading=\"lazy\" decoding=\"async\" class=\"aligncenter size-full wp-image-7638\" src=\"http:\/\/www.atecordoba.org\/wp-content\/uploads\/2016\/11\/WhatsApp-Image-2016-11-17-at-15.50.58-e1479422197896.jpeg\" alt=\"whatsapp-image-2016-11-17-at-15-50-58\" width=\"550\" height=\"330\"><\/p>\n<p>A su turno, Marcelo Belelli, compa\u00f1ero de ATE Ezeiza afirm\u00f3 que \u201cvinimos un grupo de trabajadores para respaldar a los compa\u00f1eros de C\u00f3rdoba y plantear la necesidad imperiosa que se abra un espacio de di\u00e1logo en el Ministerio de Transporte para que los cuatro compa\u00f1eros injustamente despedidos vuelvan a su lugar de trabajo. Con el trabajo no se jode y en ATE lo sabemos por eso respaldamos la lucha de estos compa\u00f1eros\u201d.<\/p>\n<p><img loading=\"lazy\" decoding=\"async\" class=\"aligncenter size-full wp-image-7639\" src=\"http:\/\/www.atecordoba.org\/wp-content\/uploads\/2016\/11\/WhatsApp-Image-2016-11-17-at-16.00.13-e1479422272690.jpeg\" alt=\"whatsapp-image-2016-11-17-at-16-00-13\" width=\"550\" height=\"413\"><\/p>\n<p>Como resultado de la medida de fuerza, se logr\u00f3 una audiencia en la Direcci\u00f3n de Relaciones Laborales del Ministerio de transporte con Anac y ATE.<\/p>\n<div class=\"epyt-video-wrapper\"><iframe loading=\"lazy\"  style=\"display: block; margin: 0px auto;\"  id=\"_ytid_33979\"  width=\"480\" height=\"360\"  data-origwidth=\"480\" data-origheight=\"360\" src=\"https:\/\/www.youtube.com\/embed\/GLGG0881xao?enablejsapi=1&#038;list=PLjTMEbB2WEPDtCKIkxsAstPAtTmIZWie6&#038;autoplay=0&#038;cc_load_policy=0&#038;cc_lang_pref=&#038;iv_load_policy=3&#038;loop=0&#038;rel=0&#038;fs=1&#038;playsinline=0&#038;autohide=2&#038;theme=dark&#038;color=red&#038;controls=1&#038;disablekb=0&#038;\" class=\"__youtube_prefs__  epyt-is-override  no-lazyload\" title=\"YouTube player\"  allow=\"fullscreen; accelerometer; autoplay; clipboard-write; encrypted-media; gyroscope; picture-in-picture; web-share\" referrerpolicy=\"strict-origin-when-cross-origin\" allowfullscreen data-no-lazy=\"1\" data-skipgform_ajax_framebjll=\"\"><\/iframe><\/div>\n","protected":false},"excerpt":{"rendered":"<p>La medida cont\u00f3 con el apoyo de compa\u00f1eros de otras provincias que participaron para solidarizarse con los cuatro trabajadores despedidos. Tras la medida de fuerza se anunci\u00f3 que el Ministerio de Transporte convoc\u00f3 a ATE para tratar el caso. El despido de cuatro trabajadores del servicio de informaci\u00f3n aeron\u00e1utica del Aeropuerto C\u00f3rdoba desat\u00f3 hoy un [&hellip;]<\/p>\n","protected":false},"author":1,"featured_media":19220,"comment_status":"open","ping_status":"open","sticky":false,"template":"","format":"standard","meta":{"_exactmetrics_skip_tracking":false,"_exactmetrics_sitenote_active":false,"_exactmetrics_sitenote_note":"","_exactmetrics_sitenote_category":0,"jnews-multi-image_gallery":[],"jnews_single_post":[],"jnews_primary_category":[],"jnews_social_meta":[],"jnews_review":[],"enable_review":"","type":"","name":"","summary":"","brand":"","sku":"","good":[],"bad":[],"score_override":"","override_value":"","rating":[],"price":[],"jnews_override_counter":[],"jnews_post_split":[],"footnotes":""},"categories":[341,18,34],"tags":[33,347],"class_list":["post-7633","post","type-post","status-publish","format-standard","has-post-thumbnail","hentry","category-cdp","category-nacionales","category-seccionales","tag-anac","tag-movimiento-aeronautico-cordobes-mac"],"jetpack_featured_media_url":"https:\/\/atecordoba.org\/wp-content\/uploads\/2020\/05\/logo-nuevochico-e1561581322808.png","_links":{"self":[{"href":"https:\/\/atecordoba.org\/index.php?rest_route=\/wp\/v2\/posts\/7633","targetHints":{"allow":["GET"]}}],"collection":[{"href":"https:\/\/atecordoba.org\/index.php?rest_route=\/wp\/v2\/posts"}],"about":[{"href":"https:\/\/atecordoba.org\/index.php?rest_route=\/wp\/v2\/types\/post"}],"author":[{"embeddable":true,"href":"https:\/\/atecordoba.org\/index.php?rest_route=\/wp\/v2\/users\/1"}],"replies":[{"embeddable":true,"href":"https:\/\/atecordoba.org\/index.php?rest_route=%2Fwp%2Fv2%2Fcomments&post=7633"}],"version-history":[{"count":1,"href":"https:\/\/atecordoba.org\/index.php?rest_route=\/wp\/v2\/posts\/7633\/revisions"}],"predecessor-version":[{"id":20557,"href":"https:\/\/atecordoba.org\/index.php?rest_route=\/wp\/v2\/posts\/7633\/revisions\/20557"}],"wp:featuredmedia":[{"embeddable":true,"href":"https:\/\/atecordoba.org\/index.php?rest_route=\/wp\/v2\/media\/19220"}],"wp:attachment":[{"href":"https:\/\/atecordoba.org\/index.php?rest_route=%2Fwp%2Fv2%2Fmedia&parent=7633"}],"wp:term":[{"taxonomy":"category","embeddable":true,"href":"https:\/\/atecordoba.org\/index.php?rest_route=%2Fwp%2Fv2%2Fcategories&post=7633"},{"taxonomy":"post_tag","embeddable":true,"href":"https:\/\/atecordoba.org\/index.php?rest_route=%2Fwp%2Fv2%2Ftags&post=7633"}],"curies":[{"name":"wp","href":"https:\/\/api.w.org\/{rel}","templated":true}]}}