{"id":7627,"date":"2016-11-16T20:28:01","date_gmt":"2016-11-16T23:28:01","guid":{"rendered":"http:\/\/www.atecordoba.org\/?p=7627"},"modified":"2020-07-02T11:38:49","modified_gmt":"2020-07-02T14:38:49","slug":"ate-se-moviliza-en-el-aeropuerto-cordoba","status":"publish","type":"post","link":"https:\/\/atecordoba.org\/?p=7627","title":{"rendered":"ATE se moviliza en el Aeropuerto C\u00f3rdoba"},"content":{"rendered":"<p><em>En reclamo de la reincorporaci\u00f3n de cuatro trabajadores cuyos contratos no fueron renovados por la autoridades de la Empresa Argentina de Navegaci\u00f3n A\u00e9rea (EANA), creada este a\u00f1o por la gesti\u00f3n de Mauricio Macri para gestionar el tr\u00e1nsito y control a\u00e9reo de la aviaci\u00f3n civil, ATE se movilizar\u00e1 ma\u00f1ana a partir de las 10 horas frente al Aeropuerto C\u00f3rdoba. <\/em><\/p>\n<p><img loading=\"lazy\" decoding=\"async\" class=\"aligncenter size-full wp-image-7628\" src=\"http:\/\/www.atecordoba.org\/wp-content\/uploads\/2016\/11\/anac-aeroparque-e1479338747167.jpg\" alt=\"anac-aeroparque\" width=\"550\" height=\"290\"><\/p>\n<p>La protesta incluye a los controladores y operadores a\u00e9reos&nbsp;por lo que se prev\u00e9 complicaciones en la salida y llegada de los vuelos a esta capital. Los trabajadores reclaman tambi\u00e9n la aplicaci\u00f3n del convenio colectivo de trabajo 214, ya que actualmente no tienen ninguno que los rija, el pago del racionamiento adeudado y el reintegro de las sumas descontadas en el salario. La conducci\u00f3n de ATE C\u00f3rdoba en pleno estar\u00e1 presente para apoyar el reclamo.&nbsp;<\/p>\n","protected":false},"excerpt":{"rendered":"<p>En reclamo de la reincorporaci\u00f3n de cuatro trabajadores cuyos contratos no fueron renovados por la autoridades de la Empresa Argentina de Navegaci\u00f3n A\u00e9rea (EANA), creada este a\u00f1o por la gesti\u00f3n de Mauricio Macri para gestionar el tr\u00e1nsito y control a\u00e9reo de la aviaci\u00f3n civil, ATE se movilizar\u00e1 ma\u00f1ana a partir de las 10 horas frente [&hellip;]<\/p>\n","protected":false},"author":1,"featured_media":19220,"comment_status":"open","ping_status":"open","sticky":false,"template":"","format":"standard","meta":{"_exactmetrics_skip_tracking":false,"_exactmetrics_sitenote_active":false,"_exactmetrics_sitenote_note":"","_exactmetrics_sitenote_category":0,"jnews-multi-image_gallery":[],"jnews_single_post":[],"jnews_primary_category":[],"jnews_social_meta":[],"jnews_review":[],"enable_review":"","type":"","name":"","summary":"","brand":"","sku":"","good":[],"bad":[],"score_override":"","override_value":"","rating":[],"price":[],"jnews_override_counter":[],"jnews_post_split":[],"footnotes":""},"categories":[341,18,34],"tags":[33,347],"class_list":["post-7627","post","type-post","status-publish","format-standard","has-post-thumbnail","hentry","category-cdp","category-nacionales","category-seccionales","tag-anac","tag-movimiento-aeronautico-cordobes-mac"],"jetpack_featured_media_url":"https:\/\/atecordoba.org\/wp-content\/uploads\/2020\/05\/logo-nuevochico-e1561581322808.png","_links":{"self":[{"href":"https:\/\/atecordoba.org\/index.php?rest_route=\/wp\/v2\/posts\/7627","targetHints":{"allow":["GET"]}}],"collection":[{"href":"https:\/\/atecordoba.org\/index.php?rest_route=\/wp\/v2\/posts"}],"about":[{"href":"https:\/\/atecordoba.org\/index.php?rest_route=\/wp\/v2\/types\/post"}],"author":[{"embeddable":true,"href":"https:\/\/atecordoba.org\/index.php?rest_route=\/wp\/v2\/users\/1"}],"replies":[{"embeddable":true,"href":"https:\/\/atecordoba.org\/index.php?rest_route=%2Fwp%2Fv2%2Fcomments&post=7627"}],"version-history":[{"count":1,"href":"https:\/\/atecordoba.org\/index.php?rest_route=\/wp\/v2\/posts\/7627\/revisions"}],"predecessor-version":[{"id":20558,"href":"https:\/\/atecordoba.org\/index.php?rest_route=\/wp\/v2\/posts\/7627\/revisions\/20558"}],"wp:featuredmedia":[{"embeddable":true,"href":"https:\/\/atecordoba.org\/index.php?rest_route=\/wp\/v2\/media\/19220"}],"wp:attachment":[{"href":"https:\/\/atecordoba.org\/index.php?rest_route=%2Fwp%2Fv2%2Fmedia&parent=7627"}],"wp:term":[{"taxonomy":"category","embeddable":true,"href":"https:\/\/atecordoba.org\/index.php?rest_route=%2Fwp%2Fv2%2Fcategories&post=7627"},{"taxonomy":"post_tag","embeddable":true,"href":"https:\/\/atecordoba.org\/index.php?rest_route=%2Fwp%2Fv2%2Ftags&post=7627"}],"curies":[{"name":"wp","href":"https:\/\/api.w.org\/{rel}","templated":true}]}}