{"id":7620,"date":"2016-11-16T20:01:13","date_gmt":"2016-11-16T23:01:13","guid":{"rendered":"http:\/\/www.atecordoba.org\/?p=7620"},"modified":"2016-11-16T20:01:13","modified_gmt":"2016-11-16T23:01:13","slug":"unc-la-orquesta-sinfonica-reclamo-al-consejo-superior-que-trate-su-reclamo-de-pase-a-planta-permanente","status":"publish","type":"post","link":"https:\/\/atecordoba.org\/?p=7620","title":{"rendered":"UNC: La Orquesta Sinf\u00f3nica reclam\u00f3 al Consejo Superior que trate su reclamo de pase a planta permanente"},"content":{"rendered":"<p><em>Los m\u00fasicos de la sinf\u00f3nica universitaria expresaron su reclamo tocando sus instrumentos frente&nbsp;al cuerpo colegiado, mientras se debat\u00eda la reforma pol\u00edtica de la casa de estudios. Posteriormente lograron ser escuchados ante todos los representantes de las facultades.<\/em><\/p>\n<p><img loading=\"lazy\" decoding=\"async\" class=\"aligncenter size-full wp-image-7621\" src=\"http:\/\/www.atecordoba.org\/wp-content\/uploads\/2016\/11\/WhatsApp-Image-2016-11-16-at-16.59.44-e1479336718257.jpeg\" alt=\"whatsapp-image-2016-11-16-at-16-59-44\" width=\"550\" height=\"413\"><\/p>\n<p>&nbsp;En su tercer semana de protestas, la orquesta sinf\u00f3nica de la UNC hizo sentir su reclamo en el Consejo Superior de la Universidad Nacional de C\u00f3rdoba.<\/p>\n<p>Con pecheras y banderas, estos trabajadores de la cultura afiliados de ATE, apoyados por compa\u00f1eros no docentes de diversas unidades acad\u00e9micas, ocuparon el hall de ingreso al consejo superior para tocar en himno nacional, as\u00ed como diversas piezas de m\u00fasica cl\u00e1sica obteniendo el reconocimiento de los estudiantes que se encontraban en el lugar para participar del debate de la reforma pol\u00edtica de la casa de estudios.<\/p>\n<p><img loading=\"lazy\" decoding=\"async\" class=\"aligncenter size-full wp-image-7622\" src=\"http:\/\/www.atecordoba.org\/wp-content\/uploads\/2016\/11\/orquesta-1.png\" alt=\"orquesta-1\" width=\"550\" height=\"309\"><\/p>\n<p>Son 63 los instrumentistas de la orquesta que est\u00e1n reclamando el pase a planta permanente, despu\u00e9s de cumplir funciones como becarios, con salarios m\u00edseros, por varios a\u00f1os, algunos llegando a una d\u00e9cada de precarizaci\u00f3n laboral.<\/p>\n<p>En la oportunidad, estuvieron presente el secretario Adjunto de ATE, Luis Barcena, la secretaria de Accion Social, Miriam Martino, el secretario de Organizaci\u00f3n, Victor Lecuona, junto al secretario Progremial, Francisco Pavan, que es trabajador no docente de la universidad.<\/p>\n<p>Tras una hora de concierto improvisado, el Honorable Consejo Superior de la UNC accedi\u00f3 a dar la palabra frente a todo el arco universitario presente en el \u00f3rgano colegiado para exponer las razones del reclamo. Los compa\u00f1eros fueron recibidos por el vicerrector Yanzi Ferreira.<\/p>\n<p><img loading=\"lazy\" decoding=\"async\" class=\"aligncenter size-full wp-image-7623\" src=\"http:\/\/www.atecordoba.org\/wp-content\/uploads\/2016\/11\/orquesta-2.png\" alt=\"orquesta-2\" width=\"309\" height=\"550\"><\/p>\n<p>Para iniciar su exposici\u00f3n, Pavan afirm\u00f3 que &#8220;hay compa\u00f1eros que tienen 5, 6, 7, 8, 9 y hasta 10 a\u00f1os sufriendo esta situaci\u00f3n. Es insostenible que un trabajador cobre con una beca de 3 mil pesos, con eso no se llega a fin de mes, y m\u00e1s all\u00e1 del reciente aumento otorgado del 35%, igual no alcanza. Una miseria que no se merecen aquellos que d\u00eda a d\u00eda ponen el hombro para sostener parte de las pol\u00edticas p\u00fablicas culturales que la Universidad genera&#8221;.<\/p>\n<p><img loading=\"lazy\" decoding=\"async\" class=\"wp-image-7624 size-medium alignright\" src=\"http:\/\/www.atecordoba.org\/wp-content\/uploads\/2016\/11\/WhatsApp-Image-2016-11-16-at-16.59.41-225x300.jpeg\" alt=\"whatsapp-image-2016-11-16-at-16-59-41\" width=\"225\" height=\"300\"><\/p>\n<p>En ese sentido, el dirigente hizo un llamado a la reflexi\u00f3n &#8220;a las autoridades y desde ATE reclamamos avanzar en una mesa de negociaci\u00f3n para implementar los mecanismos para ir pasando a estos trabajadores a planta permanente&#8221;.<\/p>\n<p>Posteriormente, Pavan describi\u00f3 ante el auditorio la &#8220;ardua lucha que llevan adelante estos compa\u00f1eros: por un lado sostener y demostrar la importancia de las pol\u00edticas p\u00fablicas culturales generadas desde el Estado en una sociedad que no le da la importancia que realmente deber\u00edan tener, y por otro lado ser reconocidos como trabajadores del Estado, con el derecho a la estabilidad laboral que les garantiza la constituci\u00f3n nacional. Si quienes garantizan las pol\u00edticas p\u00fablicas somos los trabajadores del Estado, entonces lo que en definitiva se precariza son dichas pol\u00edticas&#8221;.<\/p>\n<p>Y concluy\u00f3 se\u00f1alando que &#8220;por lo tanto la universidad tiene la doble obligaci\u00f3n de reconocer a quienes llevan a\u00f1os precarizados y al mismo tiempo garantizar la continuidad de la Orquesta Sinf\u00f3nica con sus trabajadores con condiciones laborales dignas a fin de garantizarle a la comunidad un servicio de primera calidad, como es el acceso a la cultura&#8221;.<\/p>\n<p>Finalizado el discurso, el vicerrector se comprometi\u00f3 para generar una audiencia espec\u00edfica para tratar la situaci\u00f3n de los trabajadores de la orquesta sinf\u00f3nica.&nbsp;<\/p>\n<p>En tanto, los compa\u00f1eros se preparan para elegir en breve a sus delegados de ATE.&nbsp;<\/p>\n<div class=\"epyt-video-wrapper\"><iframe loading=\"lazy\"  style=\"display: block; margin: 0px auto;\"  id=\"_ytid_52837\"  width=\"480\" height=\"270\"  data-origwidth=\"480\" data-origheight=\"270\" src=\"https:\/\/www.youtube.com\/embed\/2KzaUxnKBAk?enablejsapi=1&#038;autoplay=0&#038;cc_load_policy=0&#038;cc_lang_pref=&#038;iv_load_policy=3&#038;loop=0&#038;rel=0&#038;fs=1&#038;playsinline=0&#038;autohide=2&#038;theme=dark&#038;color=red&#038;controls=1&#038;disablekb=0&#038;\" class=\"__youtube_prefs__  epyt-is-override  no-lazyload\" title=\"YouTube player\"  allow=\"fullscreen; accelerometer; autoplay; clipboard-write; encrypted-media; gyroscope; picture-in-picture; web-share\" referrerpolicy=\"strict-origin-when-cross-origin\" allowfullscreen data-no-lazy=\"1\" data-skipgform_ajax_framebjll=\"\"><\/iframe><\/div>\n","protected":false},"excerpt":{"rendered":"<p>Los m\u00fasicos de la sinf\u00f3nica universitaria expresaron su reclamo tocando sus instrumentos frente&nbsp;al cuerpo colegiado, mientras se debat\u00eda la reforma pol\u00edtica de la casa de estudios. Posteriormente lograron ser escuchados ante todos los representantes de las facultades. &nbsp;En su tercer semana de protestas, la orquesta sinf\u00f3nica de la UNC hizo sentir su reclamo en el [&hellip;]<\/p>\n","protected":false},"author":1,"featured_media":19220,"comment_status":"open","ping_status":"open","sticky":false,"template":"","format":"standard","meta":{"_exactmetrics_skip_tracking":false,"_exactmetrics_sitenote_active":false,"_exactmetrics_sitenote_note":"","_exactmetrics_sitenote_category":0,"jnews-multi-image_gallery":[],"jnews_single_post":[],"jnews_primary_category":[],"jnews_social_meta":[],"jnews_review":[],"enable_review":"","type":"","name":"","summary":"","brand":"","sku":"","good":[],"bad":[],"score_override":"","override_value":"","rating":[],"price":[],"jnews_override_counter":[],"jnews_post_split":[],"footnotes":""},"categories":[18,89],"tags":[],"class_list":["post-7620","post","type-post","status-publish","format-standard","has-post-thumbnail","hentry","category-nacionales","category-unc"],"jetpack_featured_media_url":"https:\/\/atecordoba.org\/wp-content\/uploads\/2020\/05\/logo-nuevochico-e1561581322808.png","_links":{"self":[{"href":"https:\/\/atecordoba.org\/index.php?rest_route=\/wp\/v2\/posts\/7620","targetHints":{"allow":["GET"]}}],"collection":[{"href":"https:\/\/atecordoba.org\/index.php?rest_route=\/wp\/v2\/posts"}],"about":[{"href":"https:\/\/atecordoba.org\/index.php?rest_route=\/wp\/v2\/types\/post"}],"author":[{"embeddable":true,"href":"https:\/\/atecordoba.org\/index.php?rest_route=\/wp\/v2\/users\/1"}],"replies":[{"embeddable":true,"href":"https:\/\/atecordoba.org\/index.php?rest_route=%2Fwp%2Fv2%2Fcomments&post=7620"}],"version-history":[{"count":0,"href":"https:\/\/atecordoba.org\/index.php?rest_route=\/wp\/v2\/posts\/7620\/revisions"}],"wp:featuredmedia":[{"embeddable":true,"href":"https:\/\/atecordoba.org\/index.php?rest_route=\/wp\/v2\/media\/19220"}],"wp:attachment":[{"href":"https:\/\/atecordoba.org\/index.php?rest_route=%2Fwp%2Fv2%2Fmedia&parent=7620"}],"wp:term":[{"taxonomy":"category","embeddable":true,"href":"https:\/\/atecordoba.org\/index.php?rest_route=%2Fwp%2Fv2%2Fcategories&post=7620"},{"taxonomy":"post_tag","embeddable":true,"href":"https:\/\/atecordoba.org\/index.php?rest_route=%2Fwp%2Fv2%2Ftags&post=7620"}],"curies":[{"name":"wp","href":"https:\/\/api.w.org\/{rel}","templated":true}]}}