{"id":7616,"date":"2016-11-16T20:05:06","date_gmt":"2016-11-16T23:05:06","guid":{"rendered":"http:\/\/www.atecordoba.org\/?p=7616"},"modified":"2016-11-16T20:05:06","modified_gmt":"2016-11-16T23:05:06","slug":"camino-al-paro-nacional-de-municipales","status":"publish","type":"post","link":"https:\/\/atecordoba.org\/?p=7616","title":{"rendered":"Camino al Paro Nacional de Municipales"},"content":{"rendered":"<p><em>ATE se reuni\u00f3 con Rub\u00e9n Garc\u00eda, Secretario General de la Confederaci\u00f3n de Trabajadores Municipales (CTM) de cara al paro nacional del 1 de diciembre.<\/em><\/p>\n<p><img loading=\"lazy\" decoding=\"async\" class=\"aligncenter size-full wp-image-7617\" src=\"http:\/\/www.atecordoba.org\/wp-content\/uploads\/2016\/11\/godoy-y-fuentes-con-la-federacion-municipales-e1479330965755.jpg\" alt=\"godoy-y-fuentes-con-la-federacion-municipales\" width=\"550\" height=\"381\"><\/p>\n<p><span class=\"\">Los Secretarios Generales de ATE, Hugo \u201cCachorro\u201d Godoy y Julio Fuentes, se reunieron hoy con el titular de la CTM para coordinar una l\u00ednea de trabajo sobre la ley de trabajadores municipales presentada en el Congreso e invitarlo a participar del Paro que realizar\u00e1 ATE el pr\u00f3ximo 1 de diciembre. <\/span><\/p>\n<p class=\"texto\"><span class=\"\">Desde ATE se le propuso realizar una campa\u00f1a en el Congreso de la Naci\u00f3n y ante las autoridades nacionales para que se reconozcan los derechos de los trabajadores municipales al Convenio Colectivo de Trabajo, al Salario M\u00ednimo, Vital y M\u00f3vil y a la equiparaci\u00f3n en forma y monto de las asignaciones familiares.<\/span><\/p>\n<p class=\"texto\"><span class=\"\">En ese marco, se dialog\u00f3 para promover una ley que fue presentada por FeSIMuBo y que en su momento acompa\u00f1aron los diputados V\u00edctor De Gennaro y H\u00e9ctor Recalde para que se reconozcan estos derechos.<\/span><\/p>\n<p class=\"texto\"><span class=\"\">\u201cLe llevamos la propuesta de encarar una campa\u00f1a conjunta para que se apruebe esta ley, si es posible antes que finalice el a\u00f1o, y alentar y encarar una jornada nacional de lucha el pr\u00f3ximo 1 de diciembre\u201d, dijo Hugo Godoy en relaci\u00f3n al Paro que tendr\u00e1 como epicentro una movilizaci\u00f3n desde la sede de la FAM hasta el Congreso de la Naci\u00f3n.<\/span><\/p>\n<p class=\"texto\"><span class=\"\">Por su parte, Rub\u00e9n Garc\u00eda, quien tambi\u00e9n es el titular de la Federaci\u00f3n de Sindicatos Municipales Bonaerenses (FeSiMuBo), se mostr\u00f3 interesado y aclar\u00f3 que lo iba a poner en consideraci\u00f3n de la conducci\u00f3n de la Federaci\u00f3n. <\/span><\/p>\n<p class=\"texto\"><span class=\"\">\u201cQuedamos en volver a reunirnos luego que ellos se pronuncien y seguramente uniremos fuerzas para potenciar la perspectiva de la aprobaci\u00f3n de la ley y el reconocimiento de estos derechos de los trabajadores de los estados municipales\u201d, agreg\u00f3 Godoy. &nbsp;<\/span><\/p>\n<p class=\"texto\"><span class=\"\">Finalmente, el titular de ATE destac\u00f3 que \u201ces muy importante impulsar la unidad para que los trabajadores municipales dejen de ser el ultimo orej\u00f3n del tarro en el Estado y que se les reconozca sus derechos porque la democracia no ha llegado a los municipios y es necesario revertir esta infame situaci\u00f3n que sufren los trabajadores\u201d.<\/span><\/p>\n","protected":false},"excerpt":{"rendered":"<p>ATE se reuni\u00f3 con Rub\u00e9n Garc\u00eda, Secretario General de la Confederaci\u00f3n de Trabajadores Municipales (CTM) de cara al paro nacional del 1 de diciembre. Los Secretarios Generales de ATE, Hugo \u201cCachorro\u201d Godoy y Julio Fuentes, se reunieron hoy con el titular de la CTM para coordinar una l\u00ednea de trabajo sobre la ley de trabajadores [&hellip;]<\/p>\n","protected":false},"author":1,"featured_media":19220,"comment_status":"open","ping_status":"open","sticky":false,"template":"","format":"standard","meta":{"_exactmetrics_skip_tracking":false,"_exactmetrics_sitenote_active":false,"_exactmetrics_sitenote_note":"","_exactmetrics_sitenote_category":0,"jnews-multi-image_gallery":[],"jnews_single_post":[],"jnews_primary_category":[],"jnews_social_meta":[],"jnews_review":[],"enable_review":"","type":"","name":"","summary":"","brand":"","sku":"","good":[],"bad":[],"score_override":"","override_value":"","rating":[],"price":[],"jnews_override_counter":[],"jnews_post_split":[],"footnotes":""},"categories":[20],"tags":[],"class_list":["post-7616","post","type-post","status-publish","format-standard","has-post-thumbnail","hentry","category-municipales"],"jetpack_featured_media_url":"https:\/\/atecordoba.org\/wp-content\/uploads\/2020\/05\/logo-nuevochico-e1561581322808.png","_links":{"self":[{"href":"https:\/\/atecordoba.org\/index.php?rest_route=\/wp\/v2\/posts\/7616","targetHints":{"allow":["GET"]}}],"collection":[{"href":"https:\/\/atecordoba.org\/index.php?rest_route=\/wp\/v2\/posts"}],"about":[{"href":"https:\/\/atecordoba.org\/index.php?rest_route=\/wp\/v2\/types\/post"}],"author":[{"embeddable":true,"href":"https:\/\/atecordoba.org\/index.php?rest_route=\/wp\/v2\/users\/1"}],"replies":[{"embeddable":true,"href":"https:\/\/atecordoba.org\/index.php?rest_route=%2Fwp%2Fv2%2Fcomments&post=7616"}],"version-history":[{"count":0,"href":"https:\/\/atecordoba.org\/index.php?rest_route=\/wp\/v2\/posts\/7616\/revisions"}],"wp:featuredmedia":[{"embeddable":true,"href":"https:\/\/atecordoba.org\/index.php?rest_route=\/wp\/v2\/media\/19220"}],"wp:attachment":[{"href":"https:\/\/atecordoba.org\/index.php?rest_route=%2Fwp%2Fv2%2Fmedia&parent=7616"}],"wp:term":[{"taxonomy":"category","embeddable":true,"href":"https:\/\/atecordoba.org\/index.php?rest_route=%2Fwp%2Fv2%2Fcategories&post=7616"},{"taxonomy":"post_tag","embeddable":true,"href":"https:\/\/atecordoba.org\/index.php?rest_route=%2Fwp%2Fv2%2Ftags&post=7616"}],"curies":[{"name":"wp","href":"https:\/\/api.w.org\/{rel}","templated":true}]}}