{"id":7611,"date":"2016-11-16T16:57:11","date_gmt":"2016-11-16T19:57:11","guid":{"rendered":"http:\/\/www.atecordoba.org\/?p=7611"},"modified":"2016-11-16T16:57:11","modified_gmt":"2016-11-16T19:57:11","slug":"importantes-definiciones-de-la-conduccion-nacional-de-ate","status":"publish","type":"post","link":"https:\/\/atecordoba.org\/?p=7611","title":{"rendered":"Importantes definiciones de la Conducci\u00f3n Nacional de ATE"},"content":{"rendered":"<p><em>Durante la jornada de ayer se desarroll\u00f3 una reuni\u00f3n entre el Consejo Directivo Nacional y los Secretarios Generales provinciales.<\/em><\/p>\n<p><img loading=\"lazy\" decoding=\"async\" class=\"aligncenter size-full wp-image-7612\" src=\"http:\/\/www.atecordoba.org\/wp-content\/uploads\/2016\/11\/conduccion-nacional-reunion-15-11-e1479326171393.jpg\" alt=\"conduccion-nacional-reunion-15-11\" width=\"550\" height=\"367\"><\/p>\n<p><span class=\"\">Tras el informe pol\u00edtico detallado por el Secretario General Hugo \u201cCachorro\u201d Godoy y luego de la exposici\u00f3n de la mayor\u00eda de los presentes, se avanz\u00f3 en la organizaci\u00f3n de nuevas medidas de fuerza y se aprobaron informes y actas paritarias.<\/span><\/p>\n<p class=\"texto\"><span class=\"\">Como ocurriera el pasado 19 de octubre, siendo el \u00fanico sindicato organizador junto a los colectivos de mujeres, ATE formar\u00e1 parte del paro que se realizar\u00e1 el pr\u00f3ximo 25 de noviembre en el marco del D\u00eda Internacional de la Eliminaci\u00f3n de la Violencia contra las Mujeres.<\/span><\/p>\n<p class=\"texto\"><span class=\"\">Ese d\u00eda se llevar\u00e1 a cabo un paro en los sectores de trabajo con asambleas y diferentes actividades y luego se marchar\u00e1 del Congreso de la Naci\u00f3n a Plaza de Mayo. Esta modalidad tambi\u00e9n se realizar\u00e1 en cada una de las provincias del pa\u00eds.<\/span><\/p>\n<p class=\"texto\"><span class=\"\">Luego de ser aprobado en el Confederal realizado a fines de octubre, el pr\u00f3ximo 1 de diciembre se realizar\u00e1 un paro nacional con movilizaci\u00f3n de trabajadores municipales. Los ejes a discutir en cada municipio son: Salario M\u00ednimo, Vital y M\u00f3vil para todos los trabajadores municipales; equiparaci\u00f3n de las Asignaciones Familiares, y Convenios Colectivos de Trabajo.<\/span><\/p>\n<p class=\"texto\"><span class=\"\">Adem\u00e1s, se detall\u00f3 la firma de dos actas paritarias con el fin de avanzar en la estabilidad del empleo en el Estado Nacional. Las mismas se tratan del Convenio Colectivo de Trabajo General, Decreto 214\/16; y el Convenio Colectivo de Trabajo Sectorial SINEP, Decreto 2098\/08.<\/span><\/p>\n<p class=\"texto\"><span class=\"\">Finalmente se aprob\u00f3 un informe realizado por el Idep sobre la discusi\u00f3n del bono de fin de a\u00f1o que detalla que los trabajadores estatales perdieron un salario mensual en lo que va de 2016. Con este informe, ATE se sentar\u00e1 con los funcionarios nacionales en la pr\u00f3xima reuni\u00f3n que a\u00fan no tiene fecha confirmada. <\/span><\/p>\n<p class=\"texto\"><span class=\"\">&nbsp;<\/span><\/p>\n","protected":false},"excerpt":{"rendered":"<p>Durante la jornada de ayer se desarroll\u00f3 una reuni\u00f3n entre el Consejo Directivo Nacional y los Secretarios Generales provinciales. Tras el informe pol\u00edtico detallado por el Secretario General Hugo \u201cCachorro\u201d Godoy y luego de la exposici\u00f3n de la mayor\u00eda de los presentes, se avanz\u00f3 en la organizaci\u00f3n de nuevas medidas de fuerza y se aprobaron [&hellip;]<\/p>\n","protected":false},"author":1,"featured_media":19220,"comment_status":"open","ping_status":"open","sticky":false,"template":"","format":"standard","meta":{"_exactmetrics_skip_tracking":false,"_exactmetrics_sitenote_active":false,"_exactmetrics_sitenote_note":"","_exactmetrics_sitenote_category":0,"jnews-multi-image_gallery":[],"jnews_single_post":[],"jnews_primary_category":[],"jnews_social_meta":[],"jnews_review":[],"enable_review":"","type":"","name":"","summary":"","brand":"","sku":"","good":[],"bad":[],"score_override":"","override_value":"","rating":[],"price":[],"jnews_override_counter":[],"jnews_post_split":[],"footnotes":""},"categories":[1],"tags":[],"class_list":["post-7611","post","type-post","status-publish","format-standard","has-post-thumbnail","hentry","category-sin-categoria"],"jetpack_featured_media_url":"https:\/\/atecordoba.org\/wp-content\/uploads\/2020\/05\/logo-nuevochico-e1561581322808.png","_links":{"self":[{"href":"https:\/\/atecordoba.org\/index.php?rest_route=\/wp\/v2\/posts\/7611","targetHints":{"allow":["GET"]}}],"collection":[{"href":"https:\/\/atecordoba.org\/index.php?rest_route=\/wp\/v2\/posts"}],"about":[{"href":"https:\/\/atecordoba.org\/index.php?rest_route=\/wp\/v2\/types\/post"}],"author":[{"embeddable":true,"href":"https:\/\/atecordoba.org\/index.php?rest_route=\/wp\/v2\/users\/1"}],"replies":[{"embeddable":true,"href":"https:\/\/atecordoba.org\/index.php?rest_route=%2Fwp%2Fv2%2Fcomments&post=7611"}],"version-history":[{"count":0,"href":"https:\/\/atecordoba.org\/index.php?rest_route=\/wp\/v2\/posts\/7611\/revisions"}],"wp:featuredmedia":[{"embeddable":true,"href":"https:\/\/atecordoba.org\/index.php?rest_route=\/wp\/v2\/media\/19220"}],"wp:attachment":[{"href":"https:\/\/atecordoba.org\/index.php?rest_route=%2Fwp%2Fv2%2Fmedia&parent=7611"}],"wp:term":[{"taxonomy":"category","embeddable":true,"href":"https:\/\/atecordoba.org\/index.php?rest_route=%2Fwp%2Fv2%2Fcategories&post=7611"},{"taxonomy":"post_tag","embeddable":true,"href":"https:\/\/atecordoba.org\/index.php?rest_route=%2Fwp%2Fv2%2Ftags&post=7611"}],"curies":[{"name":"wp","href":"https:\/\/api.w.org\/{rel}","templated":true}]}}