{"id":7597,"date":"2016-11-14T19:58:04","date_gmt":"2016-11-14T22:58:04","guid":{"rendered":"http:\/\/www.atecordoba.org\/?p=7597"},"modified":"2016-11-14T19:58:04","modified_gmt":"2016-11-14T22:58:04","slug":"delegados-de-ate-en-educacion-logran-mejoras-en-la-infraestructura-del-sector","status":"publish","type":"post","link":"https:\/\/atecordoba.org\/?p=7597","title":{"rendered":"Delegados de ATE en Educaci\u00f3n logran mejoras en la infraestructura del sector"},"content":{"rendered":"<p>A partir del requerimiento permanente del cuerpo de delegados de ATE, la Direcci\u00f3n de Administraci\u00f3n del Ministerio de Educaci\u00f3n instal\u00f3 un elevador para discapacitados en el ingreso de la repartici\u00f3n.<\/p>\n<p><img loading=\"lazy\" decoding=\"async\" class=\"aligncenter size-full wp-image-7598\" src=\"http:\/\/www.atecordoba.org\/wp-content\/uploads\/2016\/11\/WhatsApp-Image-2016-11-14-at-16.34.58-e1479163433299.jpeg\" alt=\"whatsapp-image-2016-11-14-at-16-34-58\" width=\"550\" height=\"309\"><\/p>\n<p>Era un a\u00f1ejo reclamo para facilitar el ingreso de personas con problemas de discapacidad, que se realiz\u00f3 hace ya dos a\u00f1os por primera vez y que fue resuelto hace un mes.<\/p>\n<p>&#8220;Es una satisfacci\u00f3n que la casa pueda contar con la infraestructura &nbsp;para atender como corresponde al p\u00fablico, que son docentes en su inmensa mayor\u00eda, vale recordar. Y lo importante es que surgi\u00f3 desde lo trabajadores y que se logr\u00f3 convencer a las autoridades que por mucho tiempo fueron refractarias o deso\u00edan el pedido&#8221;, explic\u00f3 el delegado de ATE Gustavo Valenzuela.<\/p>\n<p>En ese sentido, Valenzuela remarc\u00f3 que el cuerpo de delegados tambi\u00e9n logr\u00f3 que se instalen los aires acondicionados en planta baja y segundo piso que estaban pendientes de actas acuerdos firmados previamente, as\u00ed como los termotanques reclamados para cocinas de distintos pisos del edificio.<\/p>\n<p>Asimismo, los reclamos sobre mejoras de infraestructura tuvieron resultados efectivos tambi\u00e9n en las refacciones realizadas en el archivo de expedientes, que estaban en riesgo de arruinarse.<\/p>\n<p>&#8220;En el cuerpo de delegados de Educaci\u00f3n sentimos que poco a poco nos vamos consolidando en la Casa y un punto clave fue la devoluci\u00f3n de los d\u00edas de paro que nos hab\u00edan descontado en la medida de fuerza anterior a la del 10 de noviembre. Los compa\u00f1eros est\u00e1n firmes en seguir construyendo organizaci\u00f3n y eso nos&nbsp;das fuerza para seguir trabajando&#8221;, concluy\u00f3 Valenzuela.<\/p>\n","protected":false},"excerpt":{"rendered":"<p>A partir del requerimiento permanente del cuerpo de delegados de ATE, la Direcci\u00f3n de Administraci\u00f3n del Ministerio de Educaci\u00f3n instal\u00f3 un elevador para discapacitados en el ingreso de la repartici\u00f3n. Era un a\u00f1ejo reclamo para facilitar el ingreso de personas con problemas de discapacidad, que se realiz\u00f3 hace ya dos a\u00f1os por primera vez y [&hellip;]<\/p>\n","protected":false},"author":1,"featured_media":19220,"comment_status":"open","ping_status":"open","sticky":false,"template":"","format":"standard","meta":{"_exactmetrics_skip_tracking":false,"_exactmetrics_sitenote_active":false,"_exactmetrics_sitenote_note":"","_exactmetrics_sitenote_category":0,"jnews-multi-image_gallery":[],"jnews_single_post":[],"jnews_primary_category":[],"jnews_social_meta":[],"jnews_review":[],"enable_review":"","type":"","name":"","summary":"","brand":"","sku":"","good":[],"bad":[],"score_override":"","override_value":"","rating":[],"price":[],"jnews_override_counter":[],"jnews_post_split":[],"footnotes":""},"categories":[114,18],"tags":[],"class_list":["post-7597","post","type-post","status-publish","format-standard","has-post-thumbnail","hentry","category-ministerio-educacion","category-nacionales"],"jetpack_featured_media_url":"https:\/\/atecordoba.org\/wp-content\/uploads\/2020\/05\/logo-nuevochico-e1561581322808.png","_links":{"self":[{"href":"https:\/\/atecordoba.org\/index.php?rest_route=\/wp\/v2\/posts\/7597","targetHints":{"allow":["GET"]}}],"collection":[{"href":"https:\/\/atecordoba.org\/index.php?rest_route=\/wp\/v2\/posts"}],"about":[{"href":"https:\/\/atecordoba.org\/index.php?rest_route=\/wp\/v2\/types\/post"}],"author":[{"embeddable":true,"href":"https:\/\/atecordoba.org\/index.php?rest_route=\/wp\/v2\/users\/1"}],"replies":[{"embeddable":true,"href":"https:\/\/atecordoba.org\/index.php?rest_route=%2Fwp%2Fv2%2Fcomments&post=7597"}],"version-history":[{"count":0,"href":"https:\/\/atecordoba.org\/index.php?rest_route=\/wp\/v2\/posts\/7597\/revisions"}],"wp:featuredmedia":[{"embeddable":true,"href":"https:\/\/atecordoba.org\/index.php?rest_route=\/wp\/v2\/media\/19220"}],"wp:attachment":[{"href":"https:\/\/atecordoba.org\/index.php?rest_route=%2Fwp%2Fv2%2Fmedia&parent=7597"}],"wp:term":[{"taxonomy":"category","embeddable":true,"href":"https:\/\/atecordoba.org\/index.php?rest_route=%2Fwp%2Fv2%2Fcategories&post=7597"},{"taxonomy":"post_tag","embeddable":true,"href":"https:\/\/atecordoba.org\/index.php?rest_route=%2Fwp%2Fv2%2Ftags&post=7597"}],"curies":[{"name":"wp","href":"https:\/\/api.w.org\/{rel}","templated":true}]}}